
{"id":12639,"date":"2024-05-27T12:47:42","date_gmt":"2024-05-27T15:47:42","guid":{"rendered":"https:\/\/mindkids.net\/novo\/?p=12639"},"modified":"2024-07-19T12:41:39","modified_gmt":"2024-07-19T15:41:39","slug":"mindfulness-x-sindrome-de-burnout-como-a-pratica-pode-se-tornar-uma-aliada-para-os-educadores","status":"publish","type":"post","link":"https:\/\/mindkids.net\/novo\/mindfulness-x-sindrome-de-burnout-como-a-pratica-pode-se-tornar-uma-aliada-para-os-educadores\/","title":{"rendered":"Mindfulness x s\u00edndrome de burnout: como a pr\u00e1tica pode se tornar uma aliada para os educadores?"},"content":{"rendered":"<p style=\"text-align: justify;\"><span style=\"font-weight: 400;\">A profiss\u00e3o de educador, apesar de essencial para o desenvolvimento da sociedade, \u00e9 frequentemente marcada por altos n\u00edveis de estresse e exaust\u00e3o. A s\u00edndrome de burnout, um estado de esgotamento f\u00edsico, emocional e mental causado por estresse cr\u00f4nico no trabalho, \u00e9 uma realidade comum entre os profissionais da educa\u00e7\u00e3o.\u00a0<\/span><\/p>\n<p style=\"text-align: justify;\"><span style=\"font-weight: 400;\">Neste contexto, algumas pr\u00e1ticas surgem como valiosas aliadas. Este artigo explora como a pr\u00e1tica de Medita\u00e7\u00e3o Mindfulness pode ajudar os educadores a combater os sintomas da s\u00edndrome de burnout e promover um ambiente de trabalho mais saud\u00e1vel e produtivo.<\/span><\/p>\n<p style=\"text-align: justify;\"><span style=\"font-weight: 400;\">Que saber mais? Continue a leitura abaixo!\u00a0<\/span><\/p>\n<h2 style=\"text-align: justify;\"><span style=\"font-weight: 400;\">O desafio do burnout entre educadores<\/span><\/h2>\n<p style=\"text-align: justify;\"><span style=\"font-weight: 400;\">Educadores enfrentam uma s\u00e9rie de desafios di\u00e1rios que podem levar ao burnout, incluindo carga de trabalho excessiva, press\u00e3o por resultados, falta de recursos e suporte, al\u00e9m de problemas comportamentais em sala de aula. A pandemia de COVID-19 intensificou esses desafios, com a transi\u00e7\u00e3o abrupta para o ensino remoto e o aumento da incerteza e ansiedade.\u00a0<\/span><\/p>\n<p style=\"text-align: justify;\"><span style=\"font-weight: 400;\">Os sintomas de burnout incluem exaust\u00e3o, irritabilidade, sentimentos de inefic\u00e1cia e despersonaliza\u00e7\u00e3o, o que pode afetar gravemente a sa\u00fade mental e f\u00edsica dos educadores, al\u00e9m de comprometer a qualidade da educa\u00e7\u00e3o oferecida.<\/span><\/p>\n<h2 style=\"text-align: justify;\"><span style=\"font-weight: 400;\">Mindfulness: uma defini\u00e7\u00e3o pr\u00e1tica<\/span><\/h2>\n<p style=\"text-align: justify;\"><span style=\"font-weight: 400;\">Mindfulness, ou aten\u00e7\u00e3o plena, \u00e9 uma pr\u00e1tica que envolve manter uma presen\u00e7a, momento a momento, com nossos pensamentos, sentimentos, sensa\u00e7\u00f5es corporais e do ambiente que estamos, com uma atitude de abertura, curiosidade e aceita\u00e7\u00e3o.\u00a0<\/span><\/p>\n<p style=\"text-align: justify;\"><span style=\"font-weight: 400;\">Atrav\u00e9s da Medita\u00e7\u00e3o Mindfulness, indiv\u00edduos aprendem a observar suas experi\u00eancias sem julgamento, o que pode reduzir significativamente o estresse e aumentar o bem-estar geral.<\/span><\/p>\n<h2 style=\"text-align: justify;\"><span style=\"font-weight: 400;\">Pesquisas e evid\u00eancias do impacto do Mindfulness:<\/span><\/h2>\n<p style=\"text-align: justify;\"><span style=\"font-weight: 400;\">Estudos t\u00eam demonstrado que a pr\u00e1tica regular de Mindfulness pode reduzir significativamente os sintomas de estresse e ansiedade. Por exemplo, uma <\/span><a href=\"https:\/\/www.researchgate.net\/publication\/263919667_Mindfulness_Training_and_Reductions_in_Teacher_Stress_and_Burnout_Results_From_Two_Randomized_Waitlist-Control_Field_Trials\"><span style=\"font-weight: 400;\">pesquisa publicada no Journal of Educational Psychology<\/span><\/a><span style=\"font-weight: 400;\"> mostrou que programas de Mindfulness em escolas n\u00e3o apenas ajudam os educadores a lidar com o estresse, mas tamb\u00e9m melhoram a sua resili\u00eancia emocional e capacidade de resposta em situa\u00e7\u00f5es desafiadoras.<\/span><\/p>\n<h2 style=\"text-align: justify;\"><span style=\"font-weight: 400;\">Implementando Mindfulness no ambiente educacional<\/span><\/h2>\n<p style=\"text-align: justify;\"><span style=\"font-weight: 400;\">Incorporar o Mindfulness no dia a dia dos educadores pode come\u00e7ar com passos simples:<\/span><\/p>\n<ul style=\"text-align: justify;\">\n<li style=\"font-weight: 400;\" aria-level=\"1\"><b>Forma\u00e7\u00f5es e workshops:<\/b><span style=\"font-weight: 400;\"> escolas podem oferecer forma\u00e7\u00f5es em Mindfulness aos educadores, com ferramentas para come\u00e7ar sua pr\u00e1tica. A MindKids \u00e9 uma solu\u00e7\u00e3o \u00fanica no Brasil a disponibilizar esse tipo de aprendizado para todos envolvidos no ambiente escolar.<\/span><\/li>\n<li style=\"font-weight: 400;\" aria-level=\"1\"><b>Pr\u00e1tica di\u00e1ria:<\/b><span style=\"font-weight: 400;\"> incentivar a pr\u00e1tica di\u00e1ria, mesmo que por poucos minutos, pode trazer benef\u00edcios significativos.<\/span><\/li>\n<li style=\"font-weight: 400;\" aria-level=\"1\"><b>Ambientes de suporte: <\/b><span style=\"font-weight: 400;\">criar espa\u00e7os de pr\u00e1tica coletiva e suporte entre colegas, onde os educadores possam compartilhar experi\u00eancias e estrat\u00e9gias, faz com que eles n\u00e3o percam o h\u00e1bito de praticar.<\/span><\/li>\n<li style=\"font-weight: 400;\" aria-level=\"1\"><b>Integra\u00e7\u00e3o curricular:<\/b><span style=\"font-weight: 400;\"> integrar Mindfulness ao curr\u00edculo, n\u00e3o s\u00f3 para os educadores mas tamb\u00e9m para os alunos, promove um ambiente de aprendizado mais consciente e menos estressante.<\/span><\/li>\n<\/ul>\n<h2 style=\"text-align: justify;\"><span style=\"font-weight: 400;\">Benef\u00edcios a longo prazo<\/span><\/h2>\n<p style=\"text-align: justify;\"><span style=\"font-weight: 400;\">Al\u00e9m de oferecer um al\u00edvio imediato para os sintomas do burnout, a pr\u00e1tica de Mindfulness traz uma s\u00e9rie de benef\u00edcios duradouros que podem revolucionar a vida profissional dos educadores. Estes benef\u00edcios n\u00e3o apenas melhoram a qualidade de vida dos professores, mas tamb\u00e9m impactam positivamente a din\u00e2mica em sala de aula.\u00a0<\/span><\/p>\n<h3 style=\"text-align: justify;\"><span style=\"font-weight: 400;\">Trabalho mais eficaz<\/span><\/h3>\n<p style=\"text-align: justify;\"><span style=\"font-weight: 400;\">Educadores que praticam Mindfulness tendem a desenvolver uma maior capacidade de concentra\u00e7\u00e3o e foco. Isso se traduz em um trabalho mais eficiente, pois o educador se mant\u00e9m centrado nas tarefas, reduzindo as distra\u00e7\u00f5es. Esta melhoria na concentra\u00e7\u00e3o tamb\u00e9m pode levar a um planejamento mais eficiente das li\u00e7\u00f5es e a uma avalia\u00e7\u00e3o mais objetiva do progresso dos alunos.\u00a0<\/span><\/p>\n<h3 style=\"text-align: justify;\"><span style=\"font-weight: 400;\">Melhor organiza\u00e7\u00e3o em sala de aula<\/span><\/h3>\n<p style=\"text-align: justify;\"><span style=\"font-weight: 400;\">A pr\u00e1tica de Mindfulness ajuda os educadores a cultivar uma mente mais clara e calma, o que \u00e9 essencial para manter a ordem e a organiza\u00e7\u00e3o em sala de aula. Educadores que praticam Mindfulness regularmente relatam uma maior habilidade em gerenciar o tempo e as atividades em sala, o que contribui para uma rotina mais estruturada e menos ca\u00f3tica.\u00a0<\/span><\/p>\n<p style=\"text-align: justify;\"><span style=\"font-weight: 400;\">Al\u00e9m disso, a habilidade de permanecer presente e consciente ajuda os professores a serem mais adapt\u00e1veis e flex\u00edveis, respondendo de maneira mais efetiva \u00e0s necessidades imediatas dos alunos e ajustando as li\u00e7\u00f5es conforme necess\u00e1rio.<\/span><\/p>\n<h3 style=\"text-align: justify;\"><span style=\"font-weight: 400;\">Equil\u00edbrio emocional<\/span><\/h3>\n<p style=\"text-align: justify;\"><span style=\"font-weight: 400;\">Mindfulness \u00e9 particularmente eficaz em promover a regula\u00e7\u00e3o emocional. Educadores frequentemente enfrentam situa\u00e7\u00f5es estressantes que podem desencadear respostas emocionais intensas. A pr\u00e1tica regular ensina os educadores a observar suas emo\u00e7\u00f5es sem julgamento e a responder a situa\u00e7\u00f5es estressantes com mais calma e menos reatividade.\u00a0<\/span><\/p>\n<p style=\"text-align: justify;\"><span style=\"font-weight: 400;\">Esse maior equil\u00edbrio emocional permite que esses profissionais lidem melhor com conflitos, administrem suas responsabilidades com mais serenidade e mantenham um clima positivo em sala de aula. Isso n\u00e3o s\u00f3 reduz o estresse pessoal, mas tamb\u00e9m modela comportamentos saud\u00e1veis para os alunos, promovendo um ambiente de aprendizado mais tranquilo e acolhedor.<\/span><\/p>\n<h2 style=\"text-align: justify;\"><span style=\"font-weight: 400;\">Por onde come\u00e7ar?<\/span><\/h2>\n<p style=\"text-align: justify;\"><span style=\"font-weight: 400;\">O curso <\/span><a href=\"https:\/\/mindkids.net\/novo\/ead\/ensinando-atencao-plena\/\" target=\"_blank\" rel=\"noopener\"><span style=\"font-weight: 400;\">&#8220;Ensinando Aten\u00e7\u00e3o Plena&#8221; (EAP) oferecido pela MindKids<\/span><\/a><span style=\"font-weight: 400;\"> representa uma oportunidade inovadora para educadores que desejam incorporar pr\u00e1ticas de Mindfulness em sua rotina profissional e pessoal, e tamb\u00e9m ensinar essas habilidades valiosas para crian\u00e7as e adolescentes.\u00a0<\/span><\/p>\n<p style=\"text-align: justify;\"><span style=\"font-weight: 400;\">A forma\u00e7\u00e3o h\u00edbrida integra o conforto do aprendizado online com a riqueza das intera\u00e7\u00f5es em tempo real. O componente online do curso permite que os educadores acessem materiais did\u00e1ticos e videoaulas em hor\u00e1rios que se encaixam em suas agendas, tornando poss\u00edvel a participa\u00e7\u00e3o de professores de diferentes regi\u00f5es e com diferentes ritmos de trabalho.<\/span><\/p>\n<p style=\"text-align: justify;\"><span style=\"font-weight: 400;\">Quer saber mais? <\/span><a href=\"https:\/\/mindkids.net\/novo\/ead\/ensinando-atencao-plena\/\" target=\"_blank\" rel=\"noopener\"><span style=\"font-weight: 400;\">Clique aqui<\/span><\/a><span style=\"font-weight: 400;\"> e conhe\u00e7a os benef\u00edcios!\u00a0<\/span><\/p>\n<h2 style=\"text-align: justify;\"><span style=\"font-weight: 400;\">Conclus\u00e3o<\/span><\/h2>\n<p style=\"text-align: justify;\"><span style=\"font-weight: 400;\">A s\u00edndrome de burnout \u00e9 uma amea\u00e7a significativa ao bem-estar dos educadores e \u00e0 qualidade da educa\u00e7\u00e3o. A Medita\u00e7\u00e3o Mindfulness, com sua abordagem acess\u00edvel e eficaz, oferece uma poderosa ferramenta de combate a essa condi\u00e7\u00e3o.\u00a0<\/span><\/p>\n<p style=\"text-align: justify;\"><span style=\"font-weight: 400;\">Ao adotar essa pr\u00e1tica, os educadores podem n\u00e3o apenas cuidar de sua sa\u00fade mental, mas tamb\u00e9m reacender sua paix\u00e3o pelo ensino e transformar positivamente o ambiente educacional.<\/span><\/p>\n","protected":false},"excerpt":{"rendered":"<p>A profiss\u00e3o de educador, apesar de essencial para o desenvolvimento da sociedade, \u00e9 frequentemente marcada por altos n\u00edveis de estresse e exaust\u00e3o. A s\u00edndrome de burnout, um estado de esgotamento f\u00edsico, emocional e mental causado por estresse cr\u00f4nico no trabalho, \u00e9 uma realidade comum entre os profissionais da educa\u00e7\u00e3o.\u00a0 Neste contexto, algumas pr\u00e1ticas surgem como [&hellip;]<\/p>\n","protected":false},"author":7,"featured_media":12640,"comment_status":"open","ping_status":"open","sticky":false,"template":"","format":"standard","meta":{"footnotes":"","_links_to":"","_links_to_target":""},"categories":[63],"tags":[],"yoast_head":"<!-- This site is optimized with the Yoast SEO plugin v24.5 - https:\/\/yoast.com\/wordpress\/plugins\/seo\/ -->\n<title>Mindfulness x s\u00edndrome de burnout: como a pr\u00e1tica pode se tornar uma aliada para os educadores? - MindKids<\/title>\n<meta name=\"robots\" content=\"index, follow, max-snippet:-1, max-image-preview:large, max-video-preview:-1\" \/>\n<link rel=\"canonical\" href=\"https:\/\/mindkids.net\/novo\/mindfulness-x-sindrome-de-burnout-como-a-pratica-pode-se-tornar-uma-aliada-para-os-educadores\/\" \/>\n<meta property=\"og:locale\" content=\"pt_BR\" \/>\n<meta property=\"og:type\" content=\"article\" \/>\n<meta property=\"og:title\" content=\"Mindfulness x s\u00edndrome de burnout: como a pr\u00e1tica pode se tornar uma aliada para os educadores? - MindKids\" \/>\n<meta property=\"og:description\" content=\"A profiss\u00e3o de educador, apesar de essencial para o desenvolvimento da sociedade, \u00e9 frequentemente marcada por altos n\u00edveis de estresse e exaust\u00e3o. A s\u00edndrome de burnout, um estado de esgotamento f\u00edsico, emocional e mental causado por estresse cr\u00f4nico no trabalho, \u00e9 uma realidade comum entre os profissionais da educa\u00e7\u00e3o.\u00a0 Neste contexto, algumas pr\u00e1ticas surgem como [&hellip;]\" \/>\n<meta property=\"og:url\" content=\"https:\/\/mindkids.net\/novo\/mindfulness-x-sindrome-de-burnout-como-a-pratica-pode-se-tornar-uma-aliada-para-os-educadores\/\" \/>\n<meta property=\"og:site_name\" content=\"MindKids\" \/>\n<meta property=\"article:published_time\" content=\"2024-05-27T15:47:42+00:00\" \/>\n<meta property=\"article:modified_time\" content=\"2024-07-19T15:41:39+00:00\" \/>\n<meta property=\"og:image\" content=\"https:\/\/mindkids.net\/novo\/wp-content\/uploads\/2024\/05\/Mindfulness-x-sindrome-de-burnout.jpeg\" \/>\n\t<meta property=\"og:image:width\" content=\"1999\" \/>\n\t<meta property=\"og:image:height\" content=\"1333\" \/>\n\t<meta property=\"og:image:type\" content=\"image\/jpeg\" \/>\n<meta name=\"author\" content=\"Daniela Degani\" \/>\n<meta name=\"twitter:card\" content=\"summary_large_image\" \/>\n<meta name=\"twitter:label1\" content=\"Escrito por\" \/>\n\t<meta name=\"twitter:data1\" content=\"Daniela Degani\" \/>\n\t<meta name=\"twitter:label2\" content=\"Est. tempo de leitura\" \/>\n\t<meta name=\"twitter:data2\" content=\"6 minutos\" \/>\n<script type=\"application\/ld+json\" class=\"yoast-schema-graph\">{\"@context\":\"https:\/\/schema.org\",\"@graph\":[{\"@type\":\"WebPage\",\"@id\":\"https:\/\/mindkids.net\/novo\/mindfulness-x-sindrome-de-burnout-como-a-pratica-pode-se-tornar-uma-aliada-para-os-educadores\/\",\"url\":\"https:\/\/mindkids.net\/novo\/mindfulness-x-sindrome-de-burnout-como-a-pratica-pode-se-tornar-uma-aliada-para-os-educadores\/\",\"name\":\"Mindfulness x s\u00edndrome de burnout: como a pr\u00e1tica pode se tornar uma aliada para os educadores? - MindKids\",\"isPartOf\":{\"@id\":\"https:\/\/mindkids.net\/novo\/#website\"},\"primaryImageOfPage\":{\"@id\":\"https:\/\/mindkids.net\/novo\/mindfulness-x-sindrome-de-burnout-como-a-pratica-pode-se-tornar-uma-aliada-para-os-educadores\/#primaryimage\"},\"image\":{\"@id\":\"https:\/\/mindkids.net\/novo\/mindfulness-x-sindrome-de-burnout-como-a-pratica-pode-se-tornar-uma-aliada-para-os-educadores\/#primaryimage\"},\"thumbnailUrl\":\"https:\/\/mindkids.net\/novo\/wp-content\/uploads\/2024\/05\/Mindfulness-x-sindrome-de-burnout.jpeg\",\"datePublished\":\"2024-05-27T15:47:42+00:00\",\"dateModified\":\"2024-07-19T15:41:39+00:00\",\"author\":{\"@id\":\"https:\/\/mindkids.net\/novo\/#\/schema\/person\/cf44b16dc0eeb222029408bebfec5b8c\"},\"breadcrumb\":{\"@id\":\"https:\/\/mindkids.net\/novo\/mindfulness-x-sindrome-de-burnout-como-a-pratica-pode-se-tornar-uma-aliada-para-os-educadores\/#breadcrumb\"},\"inLanguage\":\"pt-BR\",\"potentialAction\":[{\"@type\":\"ReadAction\",\"target\":[\"https:\/\/mindkids.net\/novo\/mindfulness-x-sindrome-de-burnout-como-a-pratica-pode-se-tornar-uma-aliada-para-os-educadores\/\"]}]},{\"@type\":\"ImageObject\",\"inLanguage\":\"pt-BR\",\"@id\":\"https:\/\/mindkids.net\/novo\/mindfulness-x-sindrome-de-burnout-como-a-pratica-pode-se-tornar-uma-aliada-para-os-educadores\/#primaryimage\",\"url\":\"https:\/\/mindkids.net\/novo\/wp-content\/uploads\/2024\/05\/Mindfulness-x-sindrome-de-burnout.jpeg\",\"contentUrl\":\"https:\/\/mindkids.net\/novo\/wp-content\/uploads\/2024\/05\/Mindfulness-x-sindrome-de-burnout.jpeg\",\"width\":1999,\"height\":1333,\"caption\":\"Young woman with note HELP on forehead at workplace. Space for text\"},{\"@type\":\"BreadcrumbList\",\"@id\":\"https:\/\/mindkids.net\/novo\/mindfulness-x-sindrome-de-burnout-como-a-pratica-pode-se-tornar-uma-aliada-para-os-educadores\/#breadcrumb\",\"itemListElement\":[{\"@type\":\"ListItem\",\"position\":1,\"name\":\"In\u00edcio\",\"item\":\"https:\/\/mindkids.net\/novo\/\"},{\"@type\":\"ListItem\",\"position\":2,\"name\":\"Mindfulness x s\u00edndrome de burnout: como a pr\u00e1tica pode se tornar uma aliada para os educadores?\"}]},{\"@type\":\"WebSite\",\"@id\":\"https:\/\/mindkids.net\/novo\/#website\",\"url\":\"https:\/\/mindkids.net\/novo\/\",\"name\":\"MindKids\",\"description\":\"\",\"potentialAction\":[{\"@type\":\"SearchAction\",\"target\":{\"@type\":\"EntryPoint\",\"urlTemplate\":\"https:\/\/mindkids.net\/novo\/?s={search_term_string}\"},\"query-input\":{\"@type\":\"PropertyValueSpecification\",\"valueRequired\":true,\"valueName\":\"search_term_string\"}}],\"inLanguage\":\"pt-BR\"},{\"@type\":\"Person\",\"@id\":\"https:\/\/mindkids.net\/novo\/#\/schema\/person\/cf44b16dc0eeb222029408bebfec5b8c\",\"name\":\"Daniela Degani\",\"image\":{\"@type\":\"ImageObject\",\"inLanguage\":\"pt-BR\",\"@id\":\"https:\/\/mindkids.net\/novo\/#\/schema\/person\/image\/\",\"url\":\"https:\/\/secure.gravatar.com\/avatar\/2435aeee7efc4e36da9ca10e44fa1b49?s=96&d=mm&r=g\",\"contentUrl\":\"https:\/\/secure.gravatar.com\/avatar\/2435aeee7efc4e36da9ca10e44fa1b49?s=96&d=mm&r=g\",\"caption\":\"Daniela Degani\"},\"url\":\"https:\/\/mindkids.net\/novo\/author\/danidegani\/\"}]}<\/script>\n<!-- \/ Yoast SEO plugin. -->","yoast_head_json":{"title":"Mindfulness x s\u00edndrome de burnout: como a pr\u00e1tica pode se tornar uma aliada para os educadores? - MindKids","robots":{"index":"index","follow":"follow","max-snippet":"max-snippet:-1","max-image-preview":"max-image-preview:large","max-video-preview":"max-video-preview:-1"},"canonical":"https:\/\/mindkids.net\/novo\/mindfulness-x-sindrome-de-burnout-como-a-pratica-pode-se-tornar-uma-aliada-para-os-educadores\/","og_locale":"pt_BR","og_type":"article","og_title":"Mindfulness x s\u00edndrome de burnout: como a pr\u00e1tica pode se tornar uma aliada para os educadores? - MindKids","og_description":"A profiss\u00e3o de educador, apesar de essencial para o desenvolvimento da sociedade, \u00e9 frequentemente marcada por altos n\u00edveis de estresse e exaust\u00e3o. A s\u00edndrome de burnout, um estado de esgotamento f\u00edsico, emocional e mental causado por estresse cr\u00f4nico no trabalho, \u00e9 uma realidade comum entre os profissionais da educa\u00e7\u00e3o.\u00a0 Neste contexto, algumas pr\u00e1ticas surgem como [&hellip;]","og_url":"https:\/\/mindkids.net\/novo\/mindfulness-x-sindrome-de-burnout-como-a-pratica-pode-se-tornar-uma-aliada-para-os-educadores\/","og_site_name":"MindKids","article_published_time":"2024-05-27T15:47:42+00:00","article_modified_time":"2024-07-19T15:41:39+00:00","og_image":[{"width":1999,"height":1333,"url":"https:\/\/mindkids.net\/novo\/wp-content\/uploads\/2024\/05\/Mindfulness-x-sindrome-de-burnout.jpeg","type":"image\/jpeg"}],"author":"Daniela Degani","twitter_card":"summary_large_image","twitter_misc":{"Escrito por":"Daniela Degani","Est. tempo de leitura":"6 minutos"},"schema":{"@context":"https:\/\/schema.org","@graph":[{"@type":"WebPage","@id":"https:\/\/mindkids.net\/novo\/mindfulness-x-sindrome-de-burnout-como-a-pratica-pode-se-tornar-uma-aliada-para-os-educadores\/","url":"https:\/\/mindkids.net\/novo\/mindfulness-x-sindrome-de-burnout-como-a-pratica-pode-se-tornar-uma-aliada-para-os-educadores\/","name":"Mindfulness x s\u00edndrome de burnout: como a pr\u00e1tica pode se tornar uma aliada para os educadores? - MindKids","isPartOf":{"@id":"https:\/\/mindkids.net\/novo\/#website"},"primaryImageOfPage":{"@id":"https:\/\/mindkids.net\/novo\/mindfulness-x-sindrome-de-burnout-como-a-pratica-pode-se-tornar-uma-aliada-para-os-educadores\/#primaryimage"},"image":{"@id":"https:\/\/mindkids.net\/novo\/mindfulness-x-sindrome-de-burnout-como-a-pratica-pode-se-tornar-uma-aliada-para-os-educadores\/#primaryimage"},"thumbnailUrl":"https:\/\/mindkids.net\/novo\/wp-content\/uploads\/2024\/05\/Mindfulness-x-sindrome-de-burnout.jpeg","datePublished":"2024-05-27T15:47:42+00:00","dateModified":"2024-07-19T15:41:39+00:00","author":{"@id":"https:\/\/mindkids.net\/novo\/#\/schema\/person\/cf44b16dc0eeb222029408bebfec5b8c"},"breadcrumb":{"@id":"https:\/\/mindkids.net\/novo\/mindfulness-x-sindrome-de-burnout-como-a-pratica-pode-se-tornar-uma-aliada-para-os-educadores\/#breadcrumb"},"inLanguage":"pt-BR","potentialAction":[{"@type":"ReadAction","target":["https:\/\/mindkids.net\/novo\/mindfulness-x-sindrome-de-burnout-como-a-pratica-pode-se-tornar-uma-aliada-para-os-educadores\/"]}]},{"@type":"ImageObject","inLanguage":"pt-BR","@id":"https:\/\/mindkids.net\/novo\/mindfulness-x-sindrome-de-burnout-como-a-pratica-pode-se-tornar-uma-aliada-para-os-educadores\/#primaryimage","url":"https:\/\/mindkids.net\/novo\/wp-content\/uploads\/2024\/05\/Mindfulness-x-sindrome-de-burnout.jpeg","contentUrl":"https:\/\/mindkids.net\/novo\/wp-content\/uploads\/2024\/05\/Mindfulness-x-sindrome-de-burnout.jpeg","width":1999,"height":1333,"caption":"Young woman with note HELP on forehead at workplace. Space for text"},{"@type":"BreadcrumbList","@id":"https:\/\/mindkids.net\/novo\/mindfulness-x-sindrome-de-burnout-como-a-pratica-pode-se-tornar-uma-aliada-para-os-educadores\/#breadcrumb","itemListElement":[{"@type":"ListItem","position":1,"name":"In\u00edcio","item":"https:\/\/mindkids.net\/novo\/"},{"@type":"ListItem","position":2,"name":"Mindfulness x s\u00edndrome de burnout: como a pr\u00e1tica pode se tornar uma aliada para os educadores?"}]},{"@type":"WebSite","@id":"https:\/\/mindkids.net\/novo\/#website","url":"https:\/\/mindkids.net\/novo\/","name":"MindKids","description":"","potentialAction":[{"@type":"SearchAction","target":{"@type":"EntryPoint","urlTemplate":"https:\/\/mindkids.net\/novo\/?s={search_term_string}"},"query-input":{"@type":"PropertyValueSpecification","valueRequired":true,"valueName":"search_term_string"}}],"inLanguage":"pt-BR"},{"@type":"Person","@id":"https:\/\/mindkids.net\/novo\/#\/schema\/person\/cf44b16dc0eeb222029408bebfec5b8c","name":"Daniela Degani","image":{"@type":"ImageObject","inLanguage":"pt-BR","@id":"https:\/\/mindkids.net\/novo\/#\/schema\/person\/image\/","url":"https:\/\/secure.gravatar.com\/avatar\/2435aeee7efc4e36da9ca10e44fa1b49?s=96&d=mm&r=g","contentUrl":"https:\/\/secure.gravatar.com\/avatar\/2435aeee7efc4e36da9ca10e44fa1b49?s=96&d=mm&r=g","caption":"Daniela Degani"},"url":"https:\/\/mindkids.net\/novo\/author\/danidegani\/"}]}},"_links":{"self":[{"href":"https:\/\/mindkids.net\/novo\/wp-json\/wp\/v2\/posts\/12639"}],"collection":[{"href":"https:\/\/mindkids.net\/novo\/wp-json\/wp\/v2\/posts"}],"about":[{"href":"https:\/\/mindkids.net\/novo\/wp-json\/wp\/v2\/types\/post"}],"author":[{"embeddable":true,"href":"https:\/\/mindkids.net\/novo\/wp-json\/wp\/v2\/users\/7"}],"replies":[{"embeddable":true,"href":"https:\/\/mindkids.net\/novo\/wp-json\/wp\/v2\/comments?post=12639"}],"version-history":[{"count":1,"href":"https:\/\/mindkids.net\/novo\/wp-json\/wp\/v2\/posts\/12639\/revisions"}],"predecessor-version":[{"id":12641,"href":"https:\/\/mindkids.net\/novo\/wp-json\/wp\/v2\/posts\/12639\/revisions\/12641"}],"wp:featuredmedia":[{"embeddable":true,"href":"https:\/\/mindkids.net\/novo\/wp-json\/wp\/v2\/media\/12640"}],"wp:attachment":[{"href":"https:\/\/mindkids.net\/novo\/wp-json\/wp\/v2\/media?parent=12639"}],"wp:term":[{"taxonomy":"category","embeddable":true,"href":"https:\/\/mindkids.net\/novo\/wp-json\/wp\/v2\/categories?post=12639"},{"taxonomy":"post_tag","embeddable":true,"href":"https:\/\/mindkids.net\/novo\/wp-json\/wp\/v2\/tags?post=12639"}],"curies":[{"name":"wp","href":"https:\/\/api.w.org\/{rel}","templated":true}]}}