
{"id":12611,"date":"2024-05-02T15:18:02","date_gmt":"2024-05-02T18:18:02","guid":{"rendered":"https:\/\/mindkids.net\/novo\/?p=12611"},"modified":"2024-07-19T12:41:40","modified_gmt":"2024-07-19T15:41:40","slug":"os-efeitos-da-sobrecarga-no-ambiente-escolar","status":"publish","type":"post","link":"https:\/\/mindkids.net\/novo\/os-efeitos-da-sobrecarga-no-ambiente-escolar\/","title":{"rendered":"Os efeitos da sobrecarga no ambiente escolar"},"content":{"rendered":"<p style=\"text-align: justify;\"><span style=\"font-weight: 400;\">O ambiente escolar \u00e9 um espa\u00e7o din\u00e2mico onde professores desempenham um papel fundamental na forma\u00e7\u00e3o e desenvolvimento de crian\u00e7as e adolescentes. No entanto, nos \u00faltimos anos, temos observado um aumento significativo na sobrecarga de trabalho, o que pode ter s\u00e9rios impactos negativos tanto na qualidade do ensino quanto na sa\u00fade f\u00edsica e mental dos educadores.\u00a0<\/span><\/p>\n<p style=\"text-align: justify;\"><span style=\"font-weight: 400;\">Neste artigo, vamos explorar os efeitos da sobrecarga no ambiente escolar, com foco na sobrecarga de trabalho dos professores de diferentes \u00e1reas da educa\u00e7\u00e3o.<\/span><\/p>\n<h2 style=\"text-align: justify;\"><span style=\"font-weight: 400;\">Sobrecarga de trabalho dos professores<\/span><\/h2>\n<p style=\"text-align: justify;\"><span style=\"font-weight: 400;\">A sobrecarga de trabalho dos professores \u00e9 uma realidade crescente em muitas escolas ao redor do mundo. Os educadores frequentemente enfrentam uma s\u00e9rie de demandas e press\u00f5es que v\u00e3o al\u00e9m do ensino em si.\u00a0<\/span><\/p>\n<p style=\"text-align: justify;\"><span style=\"font-weight: 400;\">Al\u00e9m de planejar e ministrar aulas, os professores tamb\u00e9m s\u00e3o respons\u00e1veis por preparar materiais did\u00e1ticos, corrigir trabalhos e provas, participar de reuni\u00f5es, lidar com quest\u00f5es administrativas e burocr\u00e1ticas, al\u00e9m de se envolver em atividades extracurriculares e de apoio aos alunos. Essa sobrecarga de tarefas pode levar \u00e0 exaust\u00e3o f\u00edsica e emocional, afetando negativamente tanto o bem-estar dos professores quanto a qualidade do ensino.<\/span><\/p>\n<h3 style=\"text-align: justify;\"><span style=\"font-weight: 400;\">Impactos na qualidade do ensino<\/span><\/h3>\n<p style=\"text-align: justify;\"><span style=\"font-weight: 400;\">A sobrecarga de trabalho dos professores pode ter s\u00e9rios impactos na qualidade do ensino oferecido aos alunos.\u00a0<\/span><\/p>\n<p style=\"text-align: justify;\"><span style=\"font-weight: 400;\">Quando os educadores est\u00e3o sobrecarregados, podem ter menos tempo e energia para se dedicar ao planejamento de aulas, \u00e0 prepara\u00e7\u00e3o de materiais did\u00e1ticos e \u00e0 avalia\u00e7\u00e3o do progresso dos alunos. Isso pode resultar em aulas menos din\u00e2micas e envolventes, menor aten\u00e7\u00e3o \u00e0s necessidades individuais dos alunos e uma diminui\u00e7\u00e3o geral na qualidade da experi\u00eancia de aprendizado.\u00a0<\/span><\/p>\n<p style=\"text-align: justify;\"><span style=\"font-weight: 400;\">Al\u00e9m disso, a sobrecarga de trabalho pode levar os professores a se sentirem estressados, frustrados e desmotivados, o que pode afetar sua capacidade de se envolver plenamente com os alunos e de inspir\u00e1-los a alcan\u00e7ar seu pleno potencial.<\/span><\/p>\n<h3 style=\"text-align: justify;\"><span style=\"font-weight: 400;\">Impactos na sa\u00fade dos professores<\/span><\/h3>\n<p style=\"text-align: justify;\"><span style=\"font-weight: 400;\">A sobrecarga de trabalho tamb\u00e9m pode ter s\u00e9rios impactos na sa\u00fade f\u00edsica e mental dos professores. O estresse cr\u00f4nico associado \u00e0 sobrecarga de trabalho pode levar a uma s\u00e9rie de problemas de sa\u00fade, incluindo dist\u00farbios do sono, dores musculares e articulares, problemas gastrointestinais e cardiovasculares, al\u00e9m de dist\u00farbios psicol\u00f3gicos como ansiedade e depress\u00e3o.\u00a0<\/span><\/p>\n<p style=\"text-align: justify;\"><span style=\"font-weight: 400;\">Al\u00e9m disso, a sobrecarga tamb\u00e9m pode levar os educadores ao esgotamento profissional, um estado de exaust\u00e3o f\u00edsica, emocional e mental que pode prejudicar significativamente sua capacidade de continuar trabalhando de forma eficaz e satisfat\u00f3ria.<\/span><\/p>\n<h2 style=\"text-align: justify;\"><span style=\"font-weight: 400;\">Estrat\u00e9gias para lidar com a sobrecarga<\/span><\/h2>\n<p style=\"text-align: justify;\"><span style=\"font-weight: 400;\">Existem v\u00e1rias estrat\u00e9gias que podem ajudar a amenizar o impacto do estresse e promover o bem-estar f\u00edsico e mental. Uma dessas estrat\u00e9gias eficazes \u00e9 a pr\u00e1tica da Medita\u00e7\u00e3o Mindfulness, que tem sido cada vez mais reconhecida como uma ferramenta poderosa para reduzir o estresse, melhorar o foco e promover o equil\u00edbrio emocional.\u00a0<\/span><\/p>\n<p style=\"text-align: justify;\"><span style=\"font-weight: 400;\">Aqui est\u00e3o algumas dicas para incorporar a Medita\u00e7\u00e3o Mindfulness em sua rotina di\u00e1ria:<\/span><\/p>\n<ul style=\"text-align: justify;\">\n<li style=\"font-weight: 400;\" aria-level=\"1\"><b>Pratique a respira\u00e7\u00e3o consciente:<\/b><span style=\"font-weight: 400;\"> reserve alguns minutos a cada dia para praticar a respira\u00e7\u00e3o consciente. Sente-se confortavelmente em uma posi\u00e7\u00e3o relaxada, feche os olhos e concentre-se em sua respira\u00e7\u00e3o. Observe a sensa\u00e7\u00e3o da respira\u00e7\u00e3o entrando e saindo do seu corpo, sem tentar mud\u00e1-la de forma consciente. Isso pode ajudar a acalmar a mente e reduzir o estresse.<\/span><\/li>\n<li style=\"font-weight: 400;\" aria-level=\"1\"><b>Fa\u00e7a breves pausas de medita\u00e7\u00e3o: <\/b><span style=\"font-weight: 400;\">entre uma aula e outra, fa\u00e7a pausas curtas para a medita\u00e7\u00e3o. Isso pode ser t\u00e3o simples quanto fechar os olhos e prestar aten\u00e7\u00e3o \u00e0 sua respira\u00e7\u00e3o por alguns minutos, ou praticar uma breve visualiza\u00e7\u00e3o guiada para relaxar e recarregar.<\/span><\/li>\n<li style=\"font-weight: 400;\" aria-level=\"1\"><b>Pratique a aten\u00e7\u00e3o plena no trabalho:<\/b><span style=\"font-weight: 400;\"> ao realizar suas tarefas di\u00e1rias, pratique a aten\u00e7\u00e3o plena, prestando total aten\u00e7\u00e3o ao que est\u00e1 fazendo no momento presente. Isso pode ajudar a reduzir a ansiedade e o estresse, promovendo uma maior sensa\u00e7\u00e3o de calma e clareza mental.<\/span><\/li>\n<li style=\"font-weight: 400;\" aria-level=\"1\"><b>Crie momentos de tranquilidade: <\/b><span style=\"font-weight: 400;\">reserve um tempo durante o dia para se desconectar do trabalho e relaxar. Isso pode ser durante o hor\u00e1rio de almo\u00e7o, depois do trabalho ou nos finais de semana. Use esse tempo para fazer algo que voc\u00ea gosta, como caminhar ao ar livre, praticar yoga, ouvir m\u00fasica relaxante ou simplesmente descansar.<\/span><\/li>\n<li style=\"font-weight: 400;\" aria-level=\"1\"><b>Estabele\u00e7a limites saud\u00e1veis:<\/b><span style=\"font-weight: 400;\"> \u00e9 importante estabelecer limites claros entre o trabalho e a vida pessoal, e aprender a dizer n\u00e3o quando necess\u00e1rio. N\u00e3o se sobrecarregue com mais tarefas do que pode gerenciar e lembre-se de priorizar sua pr\u00f3pria sa\u00fade e bem-estar.<\/span><\/li>\n<li style=\"font-weight: 400;\" aria-level=\"1\"><b>Busque apoio: <\/b><span style=\"font-weight: 400;\">n\u00e3o tenha medo de pedir ajuda quando necess\u00e1rio. Fale com colegas, amigos ou familiares sobre seus desafios e preocupa\u00e7\u00f5es, e considere procurar orienta\u00e7\u00e3o profissional se estiver enfrentando dificuldades significativas.<\/span><\/li>\n<\/ul>\n<p style=\"text-align: justify;\"><span style=\"font-weight: 400;\">Praticar a Medita\u00e7\u00e3o Mindfulness regularmente pode ser uma maneira eficaz de reduzir o estresse, promover o equil\u00edbrio emocional e melhorar o bem-estar geral. Ao incorporar essas estrat\u00e9gias em sua rotina di\u00e1ria, voc\u00ea pode ajudar a amenizar a sobrecarga de trabalho e cultivar uma maior sensa\u00e7\u00e3o de calma, clareza e resili\u00eancia, tanto no trabalho quanto na vida pessoal.<\/span><\/p>\n<h2 style=\"text-align: justify;\"><span style=\"font-weight: 400;\">Conclus\u00e3o<\/span><\/h2>\n<p style=\"text-align: justify;\"><span style=\"font-weight: 400;\">Em resumo, a sobrecarga no ambiente escolar \u00e9 um problema s\u00e9rio que afeta tanto a qualidade do ensino quanto a sa\u00fade f\u00edsica e mental dos educadores. \u00c9 essencial que as escolas e os profissionais reconhe\u00e7am a import\u00e2ncia de lidar com esse problema de forma eficaz, adotando estrat\u00e9gias para reduzir o estresse, promover o bem-estar e proteger a sa\u00fade dos professores.\u00a0<\/span><\/p>\n<p style=\"text-align: justify;\"><span style=\"font-weight: 400;\">Somente assim poderemos garantir um ambiente escolar saud\u00e1vel e produtivo, onde professores e alunos possam prosperar e alcan\u00e7ar seu pleno potencial! <\/span><\/p>\n","protected":false},"excerpt":{"rendered":"<p>O ambiente escolar \u00e9 um espa\u00e7o din\u00e2mico onde professores desempenham um papel fundamental na forma\u00e7\u00e3o e desenvolvimento de crian\u00e7as e adolescentes. No entanto, nos \u00faltimos anos, temos observado um aumento significativo na sobrecarga de trabalho, o que pode ter s\u00e9rios impactos negativos tanto na qualidade do ensino quanto na sa\u00fade f\u00edsica e mental dos educadores.\u00a0 [&hellip;]<\/p>\n","protected":false},"author":7,"featured_media":12612,"comment_status":"open","ping_status":"open","sticky":false,"template":"","format":"standard","meta":{"footnotes":"","_links_to":"","_links_to_target":""},"categories":[63],"tags":[],"yoast_head":"<!-- This site is optimized with the Yoast SEO plugin v24.5 - https:\/\/yoast.com\/wordpress\/plugins\/seo\/ -->\n<title>Os efeitos da sobrecarga no ambiente escolar - MindKids<\/title>\n<meta name=\"robots\" content=\"index, follow, max-snippet:-1, max-image-preview:large, max-video-preview:-1\" \/>\n<link rel=\"canonical\" href=\"https:\/\/mindkids.net\/novo\/os-efeitos-da-sobrecarga-no-ambiente-escolar\/\" \/>\n<meta property=\"og:locale\" content=\"pt_BR\" \/>\n<meta property=\"og:type\" content=\"article\" \/>\n<meta property=\"og:title\" content=\"Os efeitos da sobrecarga no ambiente escolar - MindKids\" \/>\n<meta property=\"og:description\" content=\"O ambiente escolar \u00e9 um espa\u00e7o din\u00e2mico onde professores desempenham um papel fundamental na forma\u00e7\u00e3o e desenvolvimento de crian\u00e7as e adolescentes. No entanto, nos \u00faltimos anos, temos observado um aumento significativo na sobrecarga de trabalho, o que pode ter s\u00e9rios impactos negativos tanto na qualidade do ensino quanto na sa\u00fade f\u00edsica e mental dos educadores.\u00a0 [&hellip;]\" \/>\n<meta property=\"og:url\" content=\"https:\/\/mindkids.net\/novo\/os-efeitos-da-sobrecarga-no-ambiente-escolar\/\" \/>\n<meta property=\"og:site_name\" content=\"MindKids\" \/>\n<meta property=\"article:published_time\" content=\"2024-05-02T18:18:02+00:00\" \/>\n<meta property=\"article:modified_time\" content=\"2024-07-19T15:41:40+00:00\" \/>\n<meta property=\"og:image\" content=\"https:\/\/mindkids.net\/novo\/wp-content\/uploads\/2024\/05\/Os-efeitos-da-sobrecarga-no-ambiente-escolar.jpeg\" \/>\n\t<meta property=\"og:image:width\" content=\"2000\" \/>\n\t<meta property=\"og:image:height\" content=\"1335\" \/>\n\t<meta property=\"og:image:type\" content=\"image\/jpeg\" \/>\n<meta name=\"author\" content=\"Daniela Degani\" \/>\n<meta name=\"twitter:card\" content=\"summary_large_image\" \/>\n<meta name=\"twitter:label1\" content=\"Escrito por\" \/>\n\t<meta name=\"twitter:data1\" content=\"Daniela Degani\" \/>\n\t<meta name=\"twitter:label2\" content=\"Est. tempo de leitura\" \/>\n\t<meta name=\"twitter:data2\" content=\"5 minutos\" \/>\n<script type=\"application\/ld+json\" class=\"yoast-schema-graph\">{\"@context\":\"https:\/\/schema.org\",\"@graph\":[{\"@type\":\"WebPage\",\"@id\":\"https:\/\/mindkids.net\/novo\/os-efeitos-da-sobrecarga-no-ambiente-escolar\/\",\"url\":\"https:\/\/mindkids.net\/novo\/os-efeitos-da-sobrecarga-no-ambiente-escolar\/\",\"name\":\"Os efeitos da sobrecarga no ambiente escolar - MindKids\",\"isPartOf\":{\"@id\":\"https:\/\/mindkids.net\/novo\/#website\"},\"primaryImageOfPage\":{\"@id\":\"https:\/\/mindkids.net\/novo\/os-efeitos-da-sobrecarga-no-ambiente-escolar\/#primaryimage\"},\"image\":{\"@id\":\"https:\/\/mindkids.net\/novo\/os-efeitos-da-sobrecarga-no-ambiente-escolar\/#primaryimage\"},\"thumbnailUrl\":\"https:\/\/mindkids.net\/novo\/wp-content\/uploads\/2024\/05\/Os-efeitos-da-sobrecarga-no-ambiente-escolar.jpeg\",\"datePublished\":\"2024-05-02T18:18:02+00:00\",\"dateModified\":\"2024-07-19T15:41:40+00:00\",\"author\":{\"@id\":\"https:\/\/mindkids.net\/novo\/#\/schema\/person\/cf44b16dc0eeb222029408bebfec5b8c\"},\"breadcrumb\":{\"@id\":\"https:\/\/mindkids.net\/novo\/os-efeitos-da-sobrecarga-no-ambiente-escolar\/#breadcrumb\"},\"inLanguage\":\"pt-BR\",\"potentialAction\":[{\"@type\":\"ReadAction\",\"target\":[\"https:\/\/mindkids.net\/novo\/os-efeitos-da-sobrecarga-no-ambiente-escolar\/\"]}]},{\"@type\":\"ImageObject\",\"inLanguage\":\"pt-BR\",\"@id\":\"https:\/\/mindkids.net\/novo\/os-efeitos-da-sobrecarga-no-ambiente-escolar\/#primaryimage\",\"url\":\"https:\/\/mindkids.net\/novo\/wp-content\/uploads\/2024\/05\/Os-efeitos-da-sobrecarga-no-ambiente-escolar.jpeg\",\"contentUrl\":\"https:\/\/mindkids.net\/novo\/wp-content\/uploads\/2024\/05\/Os-efeitos-da-sobrecarga-no-ambiente-escolar.jpeg\",\"width\":2000,\"height\":1335,\"caption\":\"Young student in front of blackboard\"},{\"@type\":\"BreadcrumbList\",\"@id\":\"https:\/\/mindkids.net\/novo\/os-efeitos-da-sobrecarga-no-ambiente-escolar\/#breadcrumb\",\"itemListElement\":[{\"@type\":\"ListItem\",\"position\":1,\"name\":\"In\u00edcio\",\"item\":\"https:\/\/mindkids.net\/novo\/\"},{\"@type\":\"ListItem\",\"position\":2,\"name\":\"Os efeitos da sobrecarga no ambiente escolar\"}]},{\"@type\":\"WebSite\",\"@id\":\"https:\/\/mindkids.net\/novo\/#website\",\"url\":\"https:\/\/mindkids.net\/novo\/\",\"name\":\"MindKids\",\"description\":\"\",\"potentialAction\":[{\"@type\":\"SearchAction\",\"target\":{\"@type\":\"EntryPoint\",\"urlTemplate\":\"https:\/\/mindkids.net\/novo\/?s={search_term_string}\"},\"query-input\":{\"@type\":\"PropertyValueSpecification\",\"valueRequired\":true,\"valueName\":\"search_term_string\"}}],\"inLanguage\":\"pt-BR\"},{\"@type\":\"Person\",\"@id\":\"https:\/\/mindkids.net\/novo\/#\/schema\/person\/cf44b16dc0eeb222029408bebfec5b8c\",\"name\":\"Daniela Degani\",\"image\":{\"@type\":\"ImageObject\",\"inLanguage\":\"pt-BR\",\"@id\":\"https:\/\/mindkids.net\/novo\/#\/schema\/person\/image\/\",\"url\":\"https:\/\/secure.gravatar.com\/avatar\/2435aeee7efc4e36da9ca10e44fa1b49?s=96&d=mm&r=g\",\"contentUrl\":\"https:\/\/secure.gravatar.com\/avatar\/2435aeee7efc4e36da9ca10e44fa1b49?s=96&d=mm&r=g\",\"caption\":\"Daniela Degani\"},\"url\":\"https:\/\/mindkids.net\/novo\/author\/danidegani\/\"}]}<\/script>\n<!-- \/ Yoast SEO plugin. -->","yoast_head_json":{"title":"Os efeitos da sobrecarga no ambiente escolar - MindKids","robots":{"index":"index","follow":"follow","max-snippet":"max-snippet:-1","max-image-preview":"max-image-preview:large","max-video-preview":"max-video-preview:-1"},"canonical":"https:\/\/mindkids.net\/novo\/os-efeitos-da-sobrecarga-no-ambiente-escolar\/","og_locale":"pt_BR","og_type":"article","og_title":"Os efeitos da sobrecarga no ambiente escolar - MindKids","og_description":"O ambiente escolar \u00e9 um espa\u00e7o din\u00e2mico onde professores desempenham um papel fundamental na forma\u00e7\u00e3o e desenvolvimento de crian\u00e7as e adolescentes. No entanto, nos \u00faltimos anos, temos observado um aumento significativo na sobrecarga de trabalho, o que pode ter s\u00e9rios impactos negativos tanto na qualidade do ensino quanto na sa\u00fade f\u00edsica e mental dos educadores.\u00a0 [&hellip;]","og_url":"https:\/\/mindkids.net\/novo\/os-efeitos-da-sobrecarga-no-ambiente-escolar\/","og_site_name":"MindKids","article_published_time":"2024-05-02T18:18:02+00:00","article_modified_time":"2024-07-19T15:41:40+00:00","og_image":[{"width":2000,"height":1335,"url":"https:\/\/mindkids.net\/novo\/wp-content\/uploads\/2024\/05\/Os-efeitos-da-sobrecarga-no-ambiente-escolar.jpeg","type":"image\/jpeg"}],"author":"Daniela Degani","twitter_card":"summary_large_image","twitter_misc":{"Escrito por":"Daniela Degani","Est. tempo de leitura":"5 minutos"},"schema":{"@context":"https:\/\/schema.org","@graph":[{"@type":"WebPage","@id":"https:\/\/mindkids.net\/novo\/os-efeitos-da-sobrecarga-no-ambiente-escolar\/","url":"https:\/\/mindkids.net\/novo\/os-efeitos-da-sobrecarga-no-ambiente-escolar\/","name":"Os efeitos da sobrecarga no ambiente escolar - MindKids","isPartOf":{"@id":"https:\/\/mindkids.net\/novo\/#website"},"primaryImageOfPage":{"@id":"https:\/\/mindkids.net\/novo\/os-efeitos-da-sobrecarga-no-ambiente-escolar\/#primaryimage"},"image":{"@id":"https:\/\/mindkids.net\/novo\/os-efeitos-da-sobrecarga-no-ambiente-escolar\/#primaryimage"},"thumbnailUrl":"https:\/\/mindkids.net\/novo\/wp-content\/uploads\/2024\/05\/Os-efeitos-da-sobrecarga-no-ambiente-escolar.jpeg","datePublished":"2024-05-02T18:18:02+00:00","dateModified":"2024-07-19T15:41:40+00:00","author":{"@id":"https:\/\/mindkids.net\/novo\/#\/schema\/person\/cf44b16dc0eeb222029408bebfec5b8c"},"breadcrumb":{"@id":"https:\/\/mindkids.net\/novo\/os-efeitos-da-sobrecarga-no-ambiente-escolar\/#breadcrumb"},"inLanguage":"pt-BR","potentialAction":[{"@type":"ReadAction","target":["https:\/\/mindkids.net\/novo\/os-efeitos-da-sobrecarga-no-ambiente-escolar\/"]}]},{"@type":"ImageObject","inLanguage":"pt-BR","@id":"https:\/\/mindkids.net\/novo\/os-efeitos-da-sobrecarga-no-ambiente-escolar\/#primaryimage","url":"https:\/\/mindkids.net\/novo\/wp-content\/uploads\/2024\/05\/Os-efeitos-da-sobrecarga-no-ambiente-escolar.jpeg","contentUrl":"https:\/\/mindkids.net\/novo\/wp-content\/uploads\/2024\/05\/Os-efeitos-da-sobrecarga-no-ambiente-escolar.jpeg","width":2000,"height":1335,"caption":"Young student in front of blackboard"},{"@type":"BreadcrumbList","@id":"https:\/\/mindkids.net\/novo\/os-efeitos-da-sobrecarga-no-ambiente-escolar\/#breadcrumb","itemListElement":[{"@type":"ListItem","position":1,"name":"In\u00edcio","item":"https:\/\/mindkids.net\/novo\/"},{"@type":"ListItem","position":2,"name":"Os efeitos da sobrecarga no ambiente escolar"}]},{"@type":"WebSite","@id":"https:\/\/mindkids.net\/novo\/#website","url":"https:\/\/mindkids.net\/novo\/","name":"MindKids","description":"","potentialAction":[{"@type":"SearchAction","target":{"@type":"EntryPoint","urlTemplate":"https:\/\/mindkids.net\/novo\/?s={search_term_string}"},"query-input":{"@type":"PropertyValueSpecification","valueRequired":true,"valueName":"search_term_string"}}],"inLanguage":"pt-BR"},{"@type":"Person","@id":"https:\/\/mindkids.net\/novo\/#\/schema\/person\/cf44b16dc0eeb222029408bebfec5b8c","name":"Daniela Degani","image":{"@type":"ImageObject","inLanguage":"pt-BR","@id":"https:\/\/mindkids.net\/novo\/#\/schema\/person\/image\/","url":"https:\/\/secure.gravatar.com\/avatar\/2435aeee7efc4e36da9ca10e44fa1b49?s=96&d=mm&r=g","contentUrl":"https:\/\/secure.gravatar.com\/avatar\/2435aeee7efc4e36da9ca10e44fa1b49?s=96&d=mm&r=g","caption":"Daniela Degani"},"url":"https:\/\/mindkids.net\/novo\/author\/danidegani\/"}]}},"_links":{"self":[{"href":"https:\/\/mindkids.net\/novo\/wp-json\/wp\/v2\/posts\/12611"}],"collection":[{"href":"https:\/\/mindkids.net\/novo\/wp-json\/wp\/v2\/posts"}],"about":[{"href":"https:\/\/mindkids.net\/novo\/wp-json\/wp\/v2\/types\/post"}],"author":[{"embeddable":true,"href":"https:\/\/mindkids.net\/novo\/wp-json\/wp\/v2\/users\/7"}],"replies":[{"embeddable":true,"href":"https:\/\/mindkids.net\/novo\/wp-json\/wp\/v2\/comments?post=12611"}],"version-history":[{"count":1,"href":"https:\/\/mindkids.net\/novo\/wp-json\/wp\/v2\/posts\/12611\/revisions"}],"predecessor-version":[{"id":12613,"href":"https:\/\/mindkids.net\/novo\/wp-json\/wp\/v2\/posts\/12611\/revisions\/12613"}],"wp:featuredmedia":[{"embeddable":true,"href":"https:\/\/mindkids.net\/novo\/wp-json\/wp\/v2\/media\/12612"}],"wp:attachment":[{"href":"https:\/\/mindkids.net\/novo\/wp-json\/wp\/v2\/media?parent=12611"}],"wp:term":[{"taxonomy":"category","embeddable":true,"href":"https:\/\/mindkids.net\/novo\/wp-json\/wp\/v2\/categories?post=12611"},{"taxonomy":"post_tag","embeddable":true,"href":"https:\/\/mindkids.net\/novo\/wp-json\/wp\/v2\/tags?post=12611"}],"curies":[{"name":"wp","href":"https:\/\/api.w.org\/{rel}","templated":true}]}}