
{"id":12584,"date":"2024-04-17T16:00:57","date_gmt":"2024-04-17T19:00:57","guid":{"rendered":"https:\/\/mindkids.net\/novo\/?p=12584"},"modified":"2024-07-19T12:41:43","modified_gmt":"2024-07-19T15:41:43","slug":"lei-coloca-a-saude-mental-nas-escolas-em-pauta","status":"publish","type":"post","link":"https:\/\/mindkids.net\/novo\/lei-coloca-a-saude-mental-nas-escolas-em-pauta\/","title":{"rendered":"Lei coloca a sa\u00fade mental nas escolas em pauta"},"content":{"rendered":"<p>Desde o come\u00e7o deste ano, a promulga\u00e7\u00e3o da lei 14.819 trouxe uma grande contribui\u00e7\u00e3o para a quest\u00e3o da sa\u00fade mental nas escolas p\u00fablicas e privadas do Brasil. A Lei institui a Pol\u00edtica Nacional de Aten\u00e7\u00e3o Psicossocial nas Comunidades Escolares, um grande avan\u00e7o para um debate que, ano a ano, ganha mais relev\u00e2ncia.<\/p>\n<p>Afinal, para que o ambiente escolar seja prop\u00edcio ao aprendizado, \u00e9 preciso que ele seja acolhedor para todos e promova seguran\u00e7a aos estudantes e aos professores. A lei 14.819, que data de 16 de janeiro deste ano, \u00e9 uma \u201cestrat\u00e9gia para a integra\u00e7\u00e3o e a articula\u00e7\u00e3o permanente das \u00e1reas de educa\u00e7\u00e3o, de assist\u00eancia social e de sa\u00fade no desenvolvimento de a\u00e7\u00f5es de promo\u00e7\u00e3o, de preven\u00e7\u00e3o e de aten\u00e7\u00e3o psicossocial no \u00e2mbito das escolas\u201d.<\/p>\n<p>Ou seja, a proposta \u00e9 que haja um trabalho multi e interdisciplinar para que a sa\u00fade mental de toda a comunidade escolar (professores, alunos, funcion\u00e1rios, pais e respons\u00e1veis) \u00a0possa ser olhada com mais aten\u00e7\u00e3o e de forma sistematizada.<\/p>\n<p>Al\u00e9m de promover a sa\u00fade mental e a aten\u00e7\u00e3o psicossocial \u00e0 comunidade escolar, por meio de atendimentos, palestras e outras a\u00e7\u00f5es, a lei 14.819 tamb\u00e9m pretende \u201cinformar e sensibilizar a sociedade sobre a import\u00e2ncia de cuidados psicossociais na comunidade escola\u201d e \u201cpromover a forma\u00e7\u00e3o continuada de gestores e de profissionais das \u00e1reas de educa\u00e7\u00e3o, de sa\u00fade e de assist\u00eancia social no tema da sa\u00fade mental\u201d.<\/p>\n<p>Um cen\u00e1rio que tem tudo para melhorar a qualidade de vida, de ensino e de aprendizado dentro do ambiente escolar.<\/p>\n<p>&nbsp;<\/p>\n<p><strong>Iniciativas <\/strong><\/p>\n<p>Muitas escolas, p\u00fablicas e particulares, n\u00e3o esperaram a lei ser promulgada para come\u00e7ar a colocar o assunto em pauta. Mas, o fato \u00e9 que a lei 14.819 deve estimular as escolas que ainda n\u00e3o tinham nenhuma a\u00e7\u00e3o nesse sentido a realizar atividades que possam contribuir com a aten\u00e7\u00e3o psicossocial aos alunos, professores, funcion\u00e1rios, pais e respons\u00e1veis.<\/p>\n<p>Isso inclui tratar das rela\u00e7\u00f5es interpessoais e de temas espinhosos, como viol\u00eancia (bullying), ansiedade, depress\u00e3o e outros transtornos que v\u00eam se agravando nos \u00faltimos anos, inclusive devido \u00e0 pandemia de covid-19.<\/p>\n<p>Dentre as iniciativas, existem projetos de autoconhecimento, a\u00e7\u00f5es para que alunos e professores aprendam a lidar com conflitos cotidianos que acontecem no ambiente escolar e com os pr\u00f3prios sentimentos.<\/p>\n<p>Nesse cen\u00e1rio, o incentivo \u00e0 pr\u00e1tica de Mindfulness ganha destaque. Afinal, os benef\u00edcios s\u00e3o muitos: desde o aumento do foco e da aten\u00e7\u00e3o at\u00e9 a diminui\u00e7\u00e3o da ansiedade, passando por aspectos que interferem positivamente no ambiente e na socializa\u00e7\u00e3o, como incremento da empatia e da compaix\u00e3o pelo outro.<\/p>\n<p>A pr\u00e1tica de Mindfulness incentiva a aten\u00e7\u00e3o plena \u00e0 respira\u00e7\u00e3o, a consci\u00eancia corporal, a autocompaix\u00e3o e cria um espa\u00e7o interno consciente, ao levar os praticantes a compreenderem que os pensamentos v\u00e3o e v\u00eam.<\/p>\n<p>Em outras palavras, ao acolher pensamentos, sentimentos e emo\u00e7\u00f5es, Mindfulness permite que se respire antes mesmo de se tomar qualquer atitude, tornando uma \u201crea\u00e7\u00e3o\u201d (que pode n\u00e3o ser ben\u00e9fica) em uma a\u00e7\u00e3o consciente.<\/p>\n<p>Isso melhora o relacionamento entre as pessoas e torna o ambiente escolar mais harmonioso. Afinal, como ensinou Paulo Freire, \u201cn\u00e3o se pode falar de educa\u00e7\u00e3o sem amor\u201d.<\/p>\n<p>&nbsp;<\/p>\n","protected":false},"excerpt":{"rendered":"<p>Desde o come\u00e7o deste ano, a promulga\u00e7\u00e3o da lei 14.819 trouxe uma grande contribui\u00e7\u00e3o para a quest\u00e3o da sa\u00fade mental nas escolas p\u00fablicas e privadas do Brasil. A Lei institui a Pol\u00edtica Nacional de Aten\u00e7\u00e3o Psicossocial nas Comunidades Escolares, um grande avan\u00e7o para um debate que, ano a ano, ganha mais relev\u00e2ncia. Afinal, para que [&hellip;]<\/p>\n","protected":false},"author":7,"featured_media":12585,"comment_status":"open","ping_status":"open","sticky":false,"template":"","format":"standard","meta":{"footnotes":"","_links_to":"","_links_to_target":""},"categories":[63],"tags":[],"yoast_head":"<!-- This site is optimized with the Yoast SEO plugin v24.5 - https:\/\/yoast.com\/wordpress\/plugins\/seo\/ -->\n<title>Lei coloca a sa\u00fade mental nas escolas em pauta - MindKids<\/title>\n<meta name=\"robots\" content=\"index, follow, max-snippet:-1, max-image-preview:large, max-video-preview:-1\" \/>\n<link rel=\"canonical\" href=\"https:\/\/mindkids.net\/novo\/lei-coloca-a-saude-mental-nas-escolas-em-pauta\/\" \/>\n<meta property=\"og:locale\" content=\"pt_BR\" \/>\n<meta property=\"og:type\" content=\"article\" \/>\n<meta property=\"og:title\" content=\"Lei coloca a sa\u00fade mental nas escolas em pauta - MindKids\" \/>\n<meta property=\"og:description\" content=\"Desde o come\u00e7o deste ano, a promulga\u00e7\u00e3o da lei 14.819 trouxe uma grande contribui\u00e7\u00e3o para a quest\u00e3o da sa\u00fade mental nas escolas p\u00fablicas e privadas do Brasil. A Lei institui a Pol\u00edtica Nacional de Aten\u00e7\u00e3o Psicossocial nas Comunidades Escolares, um grande avan\u00e7o para um debate que, ano a ano, ganha mais relev\u00e2ncia. Afinal, para que [&hellip;]\" \/>\n<meta property=\"og:url\" content=\"https:\/\/mindkids.net\/novo\/lei-coloca-a-saude-mental-nas-escolas-em-pauta\/\" \/>\n<meta property=\"og:site_name\" content=\"MindKids\" \/>\n<meta property=\"article:published_time\" content=\"2024-04-17T19:00:57+00:00\" \/>\n<meta property=\"article:modified_time\" content=\"2024-07-19T15:41:43+00:00\" \/>\n<meta property=\"og:image\" content=\"https:\/\/mindkids.net\/novo\/wp-content\/uploads\/2024\/04\/lei-saude-mental-1024x640.png\" \/>\n\t<meta property=\"og:image:width\" content=\"1024\" \/>\n\t<meta property=\"og:image:height\" content=\"640\" \/>\n\t<meta property=\"og:image:type\" content=\"image\/png\" \/>\n<meta name=\"author\" content=\"Daniela Degani\" \/>\n<meta name=\"twitter:card\" content=\"summary_large_image\" \/>\n<meta name=\"twitter:label1\" content=\"Escrito por\" \/>\n\t<meta name=\"twitter:data1\" content=\"Daniela Degani\" \/>\n\t<meta name=\"twitter:label2\" content=\"Est. tempo de leitura\" \/>\n\t<meta name=\"twitter:data2\" content=\"3 minutos\" \/>\n<script type=\"application\/ld+json\" class=\"yoast-schema-graph\">{\"@context\":\"https:\/\/schema.org\",\"@graph\":[{\"@type\":\"WebPage\",\"@id\":\"https:\/\/mindkids.net\/novo\/lei-coloca-a-saude-mental-nas-escolas-em-pauta\/\",\"url\":\"https:\/\/mindkids.net\/novo\/lei-coloca-a-saude-mental-nas-escolas-em-pauta\/\",\"name\":\"Lei coloca a sa\u00fade mental nas escolas em pauta - MindKids\",\"isPartOf\":{\"@id\":\"https:\/\/mindkids.net\/novo\/#website\"},\"primaryImageOfPage\":{\"@id\":\"https:\/\/mindkids.net\/novo\/lei-coloca-a-saude-mental-nas-escolas-em-pauta\/#primaryimage\"},\"image\":{\"@id\":\"https:\/\/mindkids.net\/novo\/lei-coloca-a-saude-mental-nas-escolas-em-pauta\/#primaryimage\"},\"thumbnailUrl\":\"https:\/\/mindkids.net\/novo\/wp-content\/uploads\/2024\/04\/lei-saude-mental.png\",\"datePublished\":\"2024-04-17T19:00:57+00:00\",\"dateModified\":\"2024-07-19T15:41:43+00:00\",\"author\":{\"@id\":\"https:\/\/mindkids.net\/novo\/#\/schema\/person\/cf44b16dc0eeb222029408bebfec5b8c\"},\"breadcrumb\":{\"@id\":\"https:\/\/mindkids.net\/novo\/lei-coloca-a-saude-mental-nas-escolas-em-pauta\/#breadcrumb\"},\"inLanguage\":\"pt-BR\",\"potentialAction\":[{\"@type\":\"ReadAction\",\"target\":[\"https:\/\/mindkids.net\/novo\/lei-coloca-a-saude-mental-nas-escolas-em-pauta\/\"]}]},{\"@type\":\"ImageObject\",\"inLanguage\":\"pt-BR\",\"@id\":\"https:\/\/mindkids.net\/novo\/lei-coloca-a-saude-mental-nas-escolas-em-pauta\/#primaryimage\",\"url\":\"https:\/\/mindkids.net\/novo\/wp-content\/uploads\/2024\/04\/lei-saude-mental.png\",\"contentUrl\":\"https:\/\/mindkids.net\/novo\/wp-content\/uploads\/2024\/04\/lei-saude-mental.png\",\"width\":1890,\"height\":1181},{\"@type\":\"BreadcrumbList\",\"@id\":\"https:\/\/mindkids.net\/novo\/lei-coloca-a-saude-mental-nas-escolas-em-pauta\/#breadcrumb\",\"itemListElement\":[{\"@type\":\"ListItem\",\"position\":1,\"name\":\"In\u00edcio\",\"item\":\"https:\/\/mindkids.net\/novo\/\"},{\"@type\":\"ListItem\",\"position\":2,\"name\":\"Lei coloca a sa\u00fade mental nas escolas em pauta\"}]},{\"@type\":\"WebSite\",\"@id\":\"https:\/\/mindkids.net\/novo\/#website\",\"url\":\"https:\/\/mindkids.net\/novo\/\",\"name\":\"MindKids\",\"description\":\"\",\"potentialAction\":[{\"@type\":\"SearchAction\",\"target\":{\"@type\":\"EntryPoint\",\"urlTemplate\":\"https:\/\/mindkids.net\/novo\/?s={search_term_string}\"},\"query-input\":{\"@type\":\"PropertyValueSpecification\",\"valueRequired\":true,\"valueName\":\"search_term_string\"}}],\"inLanguage\":\"pt-BR\"},{\"@type\":\"Person\",\"@id\":\"https:\/\/mindkids.net\/novo\/#\/schema\/person\/cf44b16dc0eeb222029408bebfec5b8c\",\"name\":\"Daniela Degani\",\"image\":{\"@type\":\"ImageObject\",\"inLanguage\":\"pt-BR\",\"@id\":\"https:\/\/mindkids.net\/novo\/#\/schema\/person\/image\/\",\"url\":\"https:\/\/secure.gravatar.com\/avatar\/2435aeee7efc4e36da9ca10e44fa1b49?s=96&d=mm&r=g\",\"contentUrl\":\"https:\/\/secure.gravatar.com\/avatar\/2435aeee7efc4e36da9ca10e44fa1b49?s=96&d=mm&r=g\",\"caption\":\"Daniela Degani\"},\"url\":\"https:\/\/mindkids.net\/novo\/author\/danidegani\/\"}]}<\/script>\n<!-- \/ Yoast SEO plugin. -->","yoast_head_json":{"title":"Lei coloca a sa\u00fade mental nas escolas em pauta - MindKids","robots":{"index":"index","follow":"follow","max-snippet":"max-snippet:-1","max-image-preview":"max-image-preview:large","max-video-preview":"max-video-preview:-1"},"canonical":"https:\/\/mindkids.net\/novo\/lei-coloca-a-saude-mental-nas-escolas-em-pauta\/","og_locale":"pt_BR","og_type":"article","og_title":"Lei coloca a sa\u00fade mental nas escolas em pauta - MindKids","og_description":"Desde o come\u00e7o deste ano, a promulga\u00e7\u00e3o da lei 14.819 trouxe uma grande contribui\u00e7\u00e3o para a quest\u00e3o da sa\u00fade mental nas escolas p\u00fablicas e privadas do Brasil. A Lei institui a Pol\u00edtica Nacional de Aten\u00e7\u00e3o Psicossocial nas Comunidades Escolares, um grande avan\u00e7o para um debate que, ano a ano, ganha mais relev\u00e2ncia. Afinal, para que [&hellip;]","og_url":"https:\/\/mindkids.net\/novo\/lei-coloca-a-saude-mental-nas-escolas-em-pauta\/","og_site_name":"MindKids","article_published_time":"2024-04-17T19:00:57+00:00","article_modified_time":"2024-07-19T15:41:43+00:00","og_image":[{"width":1024,"height":640,"url":"https:\/\/mindkids.net\/novo\/wp-content\/uploads\/2024\/04\/lei-saude-mental-1024x640.png","type":"image\/png"}],"author":"Daniela Degani","twitter_card":"summary_large_image","twitter_misc":{"Escrito por":"Daniela Degani","Est. tempo de leitura":"3 minutos"},"schema":{"@context":"https:\/\/schema.org","@graph":[{"@type":"WebPage","@id":"https:\/\/mindkids.net\/novo\/lei-coloca-a-saude-mental-nas-escolas-em-pauta\/","url":"https:\/\/mindkids.net\/novo\/lei-coloca-a-saude-mental-nas-escolas-em-pauta\/","name":"Lei coloca a sa\u00fade mental nas escolas em pauta - MindKids","isPartOf":{"@id":"https:\/\/mindkids.net\/novo\/#website"},"primaryImageOfPage":{"@id":"https:\/\/mindkids.net\/novo\/lei-coloca-a-saude-mental-nas-escolas-em-pauta\/#primaryimage"},"image":{"@id":"https:\/\/mindkids.net\/novo\/lei-coloca-a-saude-mental-nas-escolas-em-pauta\/#primaryimage"},"thumbnailUrl":"https:\/\/mindkids.net\/novo\/wp-content\/uploads\/2024\/04\/lei-saude-mental.png","datePublished":"2024-04-17T19:00:57+00:00","dateModified":"2024-07-19T15:41:43+00:00","author":{"@id":"https:\/\/mindkids.net\/novo\/#\/schema\/person\/cf44b16dc0eeb222029408bebfec5b8c"},"breadcrumb":{"@id":"https:\/\/mindkids.net\/novo\/lei-coloca-a-saude-mental-nas-escolas-em-pauta\/#breadcrumb"},"inLanguage":"pt-BR","potentialAction":[{"@type":"ReadAction","target":["https:\/\/mindkids.net\/novo\/lei-coloca-a-saude-mental-nas-escolas-em-pauta\/"]}]},{"@type":"ImageObject","inLanguage":"pt-BR","@id":"https:\/\/mindkids.net\/novo\/lei-coloca-a-saude-mental-nas-escolas-em-pauta\/#primaryimage","url":"https:\/\/mindkids.net\/novo\/wp-content\/uploads\/2024\/04\/lei-saude-mental.png","contentUrl":"https:\/\/mindkids.net\/novo\/wp-content\/uploads\/2024\/04\/lei-saude-mental.png","width":1890,"height":1181},{"@type":"BreadcrumbList","@id":"https:\/\/mindkids.net\/novo\/lei-coloca-a-saude-mental-nas-escolas-em-pauta\/#breadcrumb","itemListElement":[{"@type":"ListItem","position":1,"name":"In\u00edcio","item":"https:\/\/mindkids.net\/novo\/"},{"@type":"ListItem","position":2,"name":"Lei coloca a sa\u00fade mental nas escolas em pauta"}]},{"@type":"WebSite","@id":"https:\/\/mindkids.net\/novo\/#website","url":"https:\/\/mindkids.net\/novo\/","name":"MindKids","description":"","potentialAction":[{"@type":"SearchAction","target":{"@type":"EntryPoint","urlTemplate":"https:\/\/mindkids.net\/novo\/?s={search_term_string}"},"query-input":{"@type":"PropertyValueSpecification","valueRequired":true,"valueName":"search_term_string"}}],"inLanguage":"pt-BR"},{"@type":"Person","@id":"https:\/\/mindkids.net\/novo\/#\/schema\/person\/cf44b16dc0eeb222029408bebfec5b8c","name":"Daniela Degani","image":{"@type":"ImageObject","inLanguage":"pt-BR","@id":"https:\/\/mindkids.net\/novo\/#\/schema\/person\/image\/","url":"https:\/\/secure.gravatar.com\/avatar\/2435aeee7efc4e36da9ca10e44fa1b49?s=96&d=mm&r=g","contentUrl":"https:\/\/secure.gravatar.com\/avatar\/2435aeee7efc4e36da9ca10e44fa1b49?s=96&d=mm&r=g","caption":"Daniela Degani"},"url":"https:\/\/mindkids.net\/novo\/author\/danidegani\/"}]}},"_links":{"self":[{"href":"https:\/\/mindkids.net\/novo\/wp-json\/wp\/v2\/posts\/12584"}],"collection":[{"href":"https:\/\/mindkids.net\/novo\/wp-json\/wp\/v2\/posts"}],"about":[{"href":"https:\/\/mindkids.net\/novo\/wp-json\/wp\/v2\/types\/post"}],"author":[{"embeddable":true,"href":"https:\/\/mindkids.net\/novo\/wp-json\/wp\/v2\/users\/7"}],"replies":[{"embeddable":true,"href":"https:\/\/mindkids.net\/novo\/wp-json\/wp\/v2\/comments?post=12584"}],"version-history":[{"count":1,"href":"https:\/\/mindkids.net\/novo\/wp-json\/wp\/v2\/posts\/12584\/revisions"}],"predecessor-version":[{"id":12586,"href":"https:\/\/mindkids.net\/novo\/wp-json\/wp\/v2\/posts\/12584\/revisions\/12586"}],"wp:featuredmedia":[{"embeddable":true,"href":"https:\/\/mindkids.net\/novo\/wp-json\/wp\/v2\/media\/12585"}],"wp:attachment":[{"href":"https:\/\/mindkids.net\/novo\/wp-json\/wp\/v2\/media?parent=12584"}],"wp:term":[{"taxonomy":"category","embeddable":true,"href":"https:\/\/mindkids.net\/novo\/wp-json\/wp\/v2\/categories?post=12584"},{"taxonomy":"post_tag","embeddable":true,"href":"https:\/\/mindkids.net\/novo\/wp-json\/wp\/v2\/tags?post=12584"}],"curies":[{"name":"wp","href":"https:\/\/api.w.org\/{rel}","templated":true}]}}