
{"id":12510,"date":"2024-02-29T12:15:38","date_gmt":"2024-02-29T15:15:38","guid":{"rendered":"https:\/\/mindkids.net\/novo\/?p=12510"},"modified":"2024-07-19T12:41:48","modified_gmt":"2024-07-19T15:41:48","slug":"nova-iorque-implanta-mindfulness-nas-escolas-publicas","status":"publish","type":"post","link":"https:\/\/mindkids.net\/novo\/nova-iorque-implanta-mindfulness-nas-escolas-publicas\/","title":{"rendered":"Nova Iorque implanta Mindfulness nas escolas p\u00fablicas"},"content":{"rendered":"<p><span style=\"font-weight: 400;\">Desde o in\u00edcio deste ano letivo nos EUA (em setembro de 2023), cerca de um milh\u00e3o de estudantes das mais de 1800 escolas da cidade de Nova Iorque praticam aten\u00e7\u00e3o plena \u00e0 respira\u00e7\u00e3o diariamente.\u00a0<\/span><\/p>\n<p><span style=\"font-weight: 400;\">O projeto come\u00e7ou a partir da convoca\u00e7\u00e3o do controlador da cidade, Thomas DiNapoli, para que as escolas fornecessem mais recursos de sa\u00fade mental aos alunos. A escolha do prefeito Eric Adams foi pelo Mindfulness.\u00a0<\/span><\/p>\n<p><span style=\"font-weight: 400;\">\u201cPreparamos nossos filhos para serem academicamente inteligentes. Ensinamos \u00e1lgebra, trigonometria, hist\u00f3ria e ingl\u00eas e todas essas coisas para que eles possam estar preparados para conseguir um emprego. Mas n\u00e3o os ensinamos a ser emocionalmente inteligentes \u2013 as coisas necess\u00e1rias para manter um emprego&#8221;, disse o prefeito na coletiva de imprensa sobre o projeto.\u00a0<\/span><\/p>\n<p><span style=\"font-weight: 400;\">Em Nova Iorque, ser\u00e3o apenas de dois a cinco minutos di\u00e1rios, sem obrigatoriedade de participa\u00e7\u00e3o dos estudantes. Mas espera-se que esta iniciativa impacte positivamente nos n\u00fameros referentes \u00e0 sa\u00fade mental dos estudantes da cidade. Segundo pesquisas, o isolamento durante a pandemia de coronav\u00edrus agravou problemas de sa\u00fade mental de crian\u00e7as e adolescentes. Esta situa\u00e7\u00e3o causou, inclusive, aumento nas tentativas de suic\u00eddio neste \u00faltimo grupo. Dados federais apontam que em cerca de 70% das escolas pesquisadas os alunos procuraram mais por servi\u00e7os de sa\u00fade mental.<\/span><\/p>\n<p><span style=\"font-weight: 400;\">A iniciativa da prefeitura de Nova Iorque diante deste cen\u00e1rio mostra o quanto a pr\u00e1tica de Mindfulness pode impactar positivamente na sa\u00fade mental. Para que o projeto tivesse sucesso, milhares de professores foram treinados, a fim de terem capacita\u00e7\u00e3o para liderar esta iniciativa junto aos alunos.\u00a0<\/span><\/p>\n<p>&nbsp;<\/p>\n<p><b>Benef\u00edcios do Mindfulness\u00a0<\/b><\/p>\n<p><span style=\"font-weight: 400;\">De acordo com especialistas, a respira\u00e7\u00e3o consciente ajuda a reduzir a press\u00e3o arterial e os n\u00edveis de cortisol, o que diminui o estresse e aumenta a aten\u00e7\u00e3o e o foco dos alunos. Mindfulness aquieta a mente e leva quem realiza a pr\u00e1tica a entrar em contato com seus sentimentos, sendo uma forma de autoconhecimento que contribui para que a pessoa lide melhor consigo e com o mundo ao redor.\u00a0<\/span><\/p>\n<p><span style=\"font-weight: 400;\">Um estudo publicado no final de 2023 no <\/span><a href=\"https:\/\/jamanetwork.com\/journals\/jamapsychiatry\/fullarticle\/2798510?utm_campaign=articlePDF&amp;utm_medium=articlePDFlink&amp;utm_source=articlePDF&amp;utm_content=jama.2022.23506\"><span style=\"font-weight: 400;\">JAMA Psychiatry<\/span><\/a><span style=\"font-weight: 400;\"> mostrou que as pessoas que receberam oito semanas de interven\u00e7\u00f5es baseadas em Mindfulness tiveram uma diminui\u00e7\u00e3o na ansiedade similar \u00e0queles que receberam prescri\u00e7\u00e3o de um antiansiol\u00edtico (Escitalopram).\u00a0<\/span><\/p>\n<p><span style=\"font-weight: 400;\">Outro <\/span><a href=\"https:\/\/www.mdpi.com\/2227-9032\/11\/1\/26\"><span style=\"font-weight: 400;\">estudo recente<\/span><\/a><span style=\"font-weight: 400;\"> mostrou que os exerc\u00edcios respirat\u00f3rios ajudaram a reduzir o estresse em estudantes universit\u00e1rios.<\/span><\/p>\n<p><span style=\"font-weight: 400;\">S\u00e3o dados que corroboram a efic\u00e1cia de Mindfulness para a melhora da sa\u00fade mental e que apontam que a utiliza\u00e7\u00e3o dessa pr\u00e1tica nas escolas pode contribuir positivamente para a melhora do bem-estar e da qualidade de vida dos estudantes.\u00a0<\/span><\/p>\n<p><span style=\"font-weight: 400;\">Ao implantar essa iniciativa, Nova Iorque mostra a import\u00e2ncia de olhar atentamente para a sa\u00fade mental, a fim de garantir um presente um futuro menos ansiosos.\u00a0<\/span><\/p>\n<p>&nbsp;<\/p>\n<p><span style=\"font-weight: 400;\">\u00a0\u00a0<\/span><\/p>\n","protected":false},"excerpt":{"rendered":"<p>Desde o in\u00edcio deste ano letivo nos EUA (em setembro de 2023), cerca de um milh\u00e3o de estudantes das mais de 1800 escolas da cidade de Nova Iorque praticam aten\u00e7\u00e3o plena \u00e0 respira\u00e7\u00e3o diariamente.\u00a0 O projeto come\u00e7ou a partir da convoca\u00e7\u00e3o do controlador da cidade, Thomas DiNapoli, para que as escolas fornecessem mais recursos de [&hellip;]<\/p>\n","protected":false},"author":7,"featured_media":12521,"comment_status":"open","ping_status":"open","sticky":false,"template":"","format":"standard","meta":{"footnotes":"","_links_to":"","_links_to_target":""},"categories":[63],"tags":[],"yoast_head":"<!-- This site is optimized with the Yoast SEO plugin v24.5 - https:\/\/yoast.com\/wordpress\/plugins\/seo\/ -->\n<title>Nova Iorque implanta Mindfulness nas escolas p\u00fablicas - MindKids<\/title>\n<meta name=\"robots\" content=\"index, follow, max-snippet:-1, max-image-preview:large, max-video-preview:-1\" \/>\n<link rel=\"canonical\" href=\"https:\/\/mindkids.net\/novo\/nova-iorque-implanta-mindfulness-nas-escolas-publicas\/\" \/>\n<meta property=\"og:locale\" content=\"pt_BR\" \/>\n<meta property=\"og:type\" content=\"article\" \/>\n<meta property=\"og:title\" content=\"Nova Iorque implanta Mindfulness nas escolas p\u00fablicas - MindKids\" \/>\n<meta property=\"og:description\" content=\"Desde o in\u00edcio deste ano letivo nos EUA (em setembro de 2023), cerca de um milh\u00e3o de estudantes das mais de 1800 escolas da cidade de Nova Iorque praticam aten\u00e7\u00e3o plena \u00e0 respira\u00e7\u00e3o diariamente.\u00a0 O projeto come\u00e7ou a partir da convoca\u00e7\u00e3o do controlador da cidade, Thomas DiNapoli, para que as escolas fornecessem mais recursos de [&hellip;]\" \/>\n<meta property=\"og:url\" content=\"https:\/\/mindkids.net\/novo\/nova-iorque-implanta-mindfulness-nas-escolas-publicas\/\" \/>\n<meta property=\"og:site_name\" content=\"MindKids\" \/>\n<meta property=\"article:published_time\" content=\"2024-02-29T15:15:38+00:00\" \/>\n<meta property=\"article:modified_time\" content=\"2024-07-19T15:41:48+00:00\" \/>\n<meta property=\"og:image\" content=\"https:\/\/mindkids.net\/novo\/wp-content\/uploads\/2024\/02\/image.png\" \/>\n\t<meta property=\"og:image:width\" content=\"1277\" \/>\n\t<meta property=\"og:image:height\" content=\"719\" \/>\n\t<meta property=\"og:image:type\" content=\"image\/png\" \/>\n<meta name=\"author\" content=\"Daniela Degani\" \/>\n<meta name=\"twitter:card\" content=\"summary_large_image\" \/>\n<meta name=\"twitter:label1\" content=\"Escrito por\" \/>\n\t<meta name=\"twitter:data1\" content=\"Daniela Degani\" \/>\n\t<meta name=\"twitter:label2\" content=\"Est. tempo de leitura\" \/>\n\t<meta name=\"twitter:data2\" content=\"3 minutos\" \/>\n<script type=\"application\/ld+json\" class=\"yoast-schema-graph\">{\"@context\":\"https:\/\/schema.org\",\"@graph\":[{\"@type\":\"WebPage\",\"@id\":\"https:\/\/mindkids.net\/novo\/nova-iorque-implanta-mindfulness-nas-escolas-publicas\/\",\"url\":\"https:\/\/mindkids.net\/novo\/nova-iorque-implanta-mindfulness-nas-escolas-publicas\/\",\"name\":\"Nova Iorque implanta Mindfulness nas escolas p\u00fablicas - MindKids\",\"isPartOf\":{\"@id\":\"https:\/\/mindkids.net\/novo\/#website\"},\"primaryImageOfPage\":{\"@id\":\"https:\/\/mindkids.net\/novo\/nova-iorque-implanta-mindfulness-nas-escolas-publicas\/#primaryimage\"},\"image\":{\"@id\":\"https:\/\/mindkids.net\/novo\/nova-iorque-implanta-mindfulness-nas-escolas-publicas\/#primaryimage\"},\"thumbnailUrl\":\"https:\/\/mindkids.net\/novo\/wp-content\/uploads\/2024\/02\/image.png\",\"datePublished\":\"2024-02-29T15:15:38+00:00\",\"dateModified\":\"2024-07-19T15:41:48+00:00\",\"author\":{\"@id\":\"https:\/\/mindkids.net\/novo\/#\/schema\/person\/cf44b16dc0eeb222029408bebfec5b8c\"},\"breadcrumb\":{\"@id\":\"https:\/\/mindkids.net\/novo\/nova-iorque-implanta-mindfulness-nas-escolas-publicas\/#breadcrumb\"},\"inLanguage\":\"pt-BR\",\"potentialAction\":[{\"@type\":\"ReadAction\",\"target\":[\"https:\/\/mindkids.net\/novo\/nova-iorque-implanta-mindfulness-nas-escolas-publicas\/\"]}]},{\"@type\":\"ImageObject\",\"inLanguage\":\"pt-BR\",\"@id\":\"https:\/\/mindkids.net\/novo\/nova-iorque-implanta-mindfulness-nas-escolas-publicas\/#primaryimage\",\"url\":\"https:\/\/mindkids.net\/novo\/wp-content\/uploads\/2024\/02\/image.png\",\"contentUrl\":\"https:\/\/mindkids.net\/novo\/wp-content\/uploads\/2024\/02\/image.png\",\"width\":1277,\"height\":719},{\"@type\":\"BreadcrumbList\",\"@id\":\"https:\/\/mindkids.net\/novo\/nova-iorque-implanta-mindfulness-nas-escolas-publicas\/#breadcrumb\",\"itemListElement\":[{\"@type\":\"ListItem\",\"position\":1,\"name\":\"In\u00edcio\",\"item\":\"https:\/\/mindkids.net\/novo\/\"},{\"@type\":\"ListItem\",\"position\":2,\"name\":\"Nova Iorque implanta Mindfulness nas escolas p\u00fablicas\"}]},{\"@type\":\"WebSite\",\"@id\":\"https:\/\/mindkids.net\/novo\/#website\",\"url\":\"https:\/\/mindkids.net\/novo\/\",\"name\":\"MindKids\",\"description\":\"\",\"potentialAction\":[{\"@type\":\"SearchAction\",\"target\":{\"@type\":\"EntryPoint\",\"urlTemplate\":\"https:\/\/mindkids.net\/novo\/?s={search_term_string}\"},\"query-input\":{\"@type\":\"PropertyValueSpecification\",\"valueRequired\":true,\"valueName\":\"search_term_string\"}}],\"inLanguage\":\"pt-BR\"},{\"@type\":\"Person\",\"@id\":\"https:\/\/mindkids.net\/novo\/#\/schema\/person\/cf44b16dc0eeb222029408bebfec5b8c\",\"name\":\"Daniela Degani\",\"image\":{\"@type\":\"ImageObject\",\"inLanguage\":\"pt-BR\",\"@id\":\"https:\/\/mindkids.net\/novo\/#\/schema\/person\/image\/\",\"url\":\"https:\/\/secure.gravatar.com\/avatar\/2435aeee7efc4e36da9ca10e44fa1b49?s=96&d=mm&r=g\",\"contentUrl\":\"https:\/\/secure.gravatar.com\/avatar\/2435aeee7efc4e36da9ca10e44fa1b49?s=96&d=mm&r=g\",\"caption\":\"Daniela Degani\"},\"url\":\"https:\/\/mindkids.net\/novo\/author\/danidegani\/\"}]}<\/script>\n<!-- \/ Yoast SEO plugin. -->","yoast_head_json":{"title":"Nova Iorque implanta Mindfulness nas escolas p\u00fablicas - MindKids","robots":{"index":"index","follow":"follow","max-snippet":"max-snippet:-1","max-image-preview":"max-image-preview:large","max-video-preview":"max-video-preview:-1"},"canonical":"https:\/\/mindkids.net\/novo\/nova-iorque-implanta-mindfulness-nas-escolas-publicas\/","og_locale":"pt_BR","og_type":"article","og_title":"Nova Iorque implanta Mindfulness nas escolas p\u00fablicas - MindKids","og_description":"Desde o in\u00edcio deste ano letivo nos EUA (em setembro de 2023), cerca de um milh\u00e3o de estudantes das mais de 1800 escolas da cidade de Nova Iorque praticam aten\u00e7\u00e3o plena \u00e0 respira\u00e7\u00e3o diariamente.\u00a0 O projeto come\u00e7ou a partir da convoca\u00e7\u00e3o do controlador da cidade, Thomas DiNapoli, para que as escolas fornecessem mais recursos de [&hellip;]","og_url":"https:\/\/mindkids.net\/novo\/nova-iorque-implanta-mindfulness-nas-escolas-publicas\/","og_site_name":"MindKids","article_published_time":"2024-02-29T15:15:38+00:00","article_modified_time":"2024-07-19T15:41:48+00:00","og_image":[{"width":1277,"height":719,"url":"https:\/\/mindkids.net\/novo\/wp-content\/uploads\/2024\/02\/image.png","type":"image\/png"}],"author":"Daniela Degani","twitter_card":"summary_large_image","twitter_misc":{"Escrito por":"Daniela Degani","Est. tempo de leitura":"3 minutos"},"schema":{"@context":"https:\/\/schema.org","@graph":[{"@type":"WebPage","@id":"https:\/\/mindkids.net\/novo\/nova-iorque-implanta-mindfulness-nas-escolas-publicas\/","url":"https:\/\/mindkids.net\/novo\/nova-iorque-implanta-mindfulness-nas-escolas-publicas\/","name":"Nova Iorque implanta Mindfulness nas escolas p\u00fablicas - MindKids","isPartOf":{"@id":"https:\/\/mindkids.net\/novo\/#website"},"primaryImageOfPage":{"@id":"https:\/\/mindkids.net\/novo\/nova-iorque-implanta-mindfulness-nas-escolas-publicas\/#primaryimage"},"image":{"@id":"https:\/\/mindkids.net\/novo\/nova-iorque-implanta-mindfulness-nas-escolas-publicas\/#primaryimage"},"thumbnailUrl":"https:\/\/mindkids.net\/novo\/wp-content\/uploads\/2024\/02\/image.png","datePublished":"2024-02-29T15:15:38+00:00","dateModified":"2024-07-19T15:41:48+00:00","author":{"@id":"https:\/\/mindkids.net\/novo\/#\/schema\/person\/cf44b16dc0eeb222029408bebfec5b8c"},"breadcrumb":{"@id":"https:\/\/mindkids.net\/novo\/nova-iorque-implanta-mindfulness-nas-escolas-publicas\/#breadcrumb"},"inLanguage":"pt-BR","potentialAction":[{"@type":"ReadAction","target":["https:\/\/mindkids.net\/novo\/nova-iorque-implanta-mindfulness-nas-escolas-publicas\/"]}]},{"@type":"ImageObject","inLanguage":"pt-BR","@id":"https:\/\/mindkids.net\/novo\/nova-iorque-implanta-mindfulness-nas-escolas-publicas\/#primaryimage","url":"https:\/\/mindkids.net\/novo\/wp-content\/uploads\/2024\/02\/image.png","contentUrl":"https:\/\/mindkids.net\/novo\/wp-content\/uploads\/2024\/02\/image.png","width":1277,"height":719},{"@type":"BreadcrumbList","@id":"https:\/\/mindkids.net\/novo\/nova-iorque-implanta-mindfulness-nas-escolas-publicas\/#breadcrumb","itemListElement":[{"@type":"ListItem","position":1,"name":"In\u00edcio","item":"https:\/\/mindkids.net\/novo\/"},{"@type":"ListItem","position":2,"name":"Nova Iorque implanta Mindfulness nas escolas p\u00fablicas"}]},{"@type":"WebSite","@id":"https:\/\/mindkids.net\/novo\/#website","url":"https:\/\/mindkids.net\/novo\/","name":"MindKids","description":"","potentialAction":[{"@type":"SearchAction","target":{"@type":"EntryPoint","urlTemplate":"https:\/\/mindkids.net\/novo\/?s={search_term_string}"},"query-input":{"@type":"PropertyValueSpecification","valueRequired":true,"valueName":"search_term_string"}}],"inLanguage":"pt-BR"},{"@type":"Person","@id":"https:\/\/mindkids.net\/novo\/#\/schema\/person\/cf44b16dc0eeb222029408bebfec5b8c","name":"Daniela Degani","image":{"@type":"ImageObject","inLanguage":"pt-BR","@id":"https:\/\/mindkids.net\/novo\/#\/schema\/person\/image\/","url":"https:\/\/secure.gravatar.com\/avatar\/2435aeee7efc4e36da9ca10e44fa1b49?s=96&d=mm&r=g","contentUrl":"https:\/\/secure.gravatar.com\/avatar\/2435aeee7efc4e36da9ca10e44fa1b49?s=96&d=mm&r=g","caption":"Daniela Degani"},"url":"https:\/\/mindkids.net\/novo\/author\/danidegani\/"}]}},"_links":{"self":[{"href":"https:\/\/mindkids.net\/novo\/wp-json\/wp\/v2\/posts\/12510"}],"collection":[{"href":"https:\/\/mindkids.net\/novo\/wp-json\/wp\/v2\/posts"}],"about":[{"href":"https:\/\/mindkids.net\/novo\/wp-json\/wp\/v2\/types\/post"}],"author":[{"embeddable":true,"href":"https:\/\/mindkids.net\/novo\/wp-json\/wp\/v2\/users\/7"}],"replies":[{"embeddable":true,"href":"https:\/\/mindkids.net\/novo\/wp-json\/wp\/v2\/comments?post=12510"}],"version-history":[{"count":1,"href":"https:\/\/mindkids.net\/novo\/wp-json\/wp\/v2\/posts\/12510\/revisions"}],"predecessor-version":[{"id":12512,"href":"https:\/\/mindkids.net\/novo\/wp-json\/wp\/v2\/posts\/12510\/revisions\/12512"}],"wp:featuredmedia":[{"embeddable":true,"href":"https:\/\/mindkids.net\/novo\/wp-json\/wp\/v2\/media\/12521"}],"wp:attachment":[{"href":"https:\/\/mindkids.net\/novo\/wp-json\/wp\/v2\/media?parent=12510"}],"wp:term":[{"taxonomy":"category","embeddable":true,"href":"https:\/\/mindkids.net\/novo\/wp-json\/wp\/v2\/categories?post=12510"},{"taxonomy":"post_tag","embeddable":true,"href":"https:\/\/mindkids.net\/novo\/wp-json\/wp\/v2\/tags?post=12510"}],"curies":[{"name":"wp","href":"https:\/\/api.w.org\/{rel}","templated":true}]}}