
{"id":12507,"date":"2024-02-29T12:05:33","date_gmt":"2024-02-29T15:05:33","guid":{"rendered":"https:\/\/mindkids.net\/novo\/?p=12507"},"modified":"2024-07-19T12:41:49","modified_gmt":"2024-07-19T15:41:49","slug":"cada-vez-mais-escolas-levam-mindfulness-para-a-sala-de-aula","status":"publish","type":"post","link":"https:\/\/mindkids.net\/novo\/cada-vez-mais-escolas-levam-mindfulness-para-a-sala-de-aula\/","title":{"rendered":"Cada vez mais escolas levam Mindfulness para a sala de aula"},"content":{"rendered":"<p><span style=\"font-weight: 400;\">Ter alunos mais atentos dentro da sala de aula j\u00e1 \u00e9 realidade para muitas escolas. O programa de forma\u00e7\u00e3o \u201cMindfulness para Ambiente Educacional\u201d, oferecido pela MindKids, tem sido a chave para que muitas escolas criem uma atmosfera de mais aten\u00e7\u00e3o, foco, compaix\u00e3o e equil\u00edbrio emocional, n\u00e3o s\u00f3 para alunos, mas tamb\u00e9m para professores.\u00a0<\/span><\/p>\n<p><span style=\"font-weight: 400;\">Uma pesquisa recente mostrou que professores que participaram da forma\u00e7\u00e3o sentiram-se 36% menos desgastados ap\u00f3s a experi\u00eancia. Para os alunos, os benef\u00edcios tamb\u00e9m s\u00e3o grandes. Um estudo feito nos EUA traz dados que demonstram que os professores notam mudan\u00e7as positivas em sala de aula nos alunos que realizam pr\u00e1ticas de aten\u00e7\u00e3o plena. Segundo o levantamento, 79% dos professores entrevistados veem melhoria na participa\u00e7\u00e3o dos alunos.\u00a0\u00a0<\/span><\/p>\n<p><span style=\"font-weight: 400;\">Esses s\u00e3o dados mensur\u00e1veis sobre a pr\u00e1tica de Mindfulness que, de certa forma, explicam porque cada vez mais escolas aderem ao programa da MindKids. Diversas escolas v\u00e3o manter em 2024 o trabalho iniciado em anos anteriores.\u00a0<\/span><\/p>\n<p><span style=\"font-weight: 400;\">O Centro Educacional Brand\u00e3o (CEB), em S\u00e3o Paulo, por exemplo, trouxe a pr\u00e1tica para a escola em 2021. L\u00e1 se v\u00e3o tr\u00eas anos em que professores e alunos praticam regularmente Mindfulness. A continuidade do projeto \u00e9 uma prova que a estrat\u00e9gia beneficia a todos no ambiente escolar.\u00a0<\/span><\/p>\n<p><b>Bem-estar na escola<\/b><\/p>\n<p><span style=\"font-weight: 400;\">\u201cQuando (os alunos) realizam a atividade (pedag\u00f3gica) depois de terem praticado Mindfulness, \u00e9 n\u00edtido que produzem melhor. A pr\u00e1tica da medita\u00e7\u00e3o sempre soma\u201d, afirma N\u00e1dia Cristina Oliveira, coordenadora pedag\u00f3gico-educacional do CEB.\u00a0<\/span><\/p>\n<p><span style=\"font-weight: 400;\">Outras escolas, como Maple Bear Panamby, Global Me, Beacon School, Col\u00e9gio Santo Andr\u00e9, S\u00e3o Luis, Porto Seguro e Santo Am\u00e9rico, todas em S\u00e3o Paulo, tamb\u00e9m renovaram sua inten\u00e7\u00e3o de respirar para ter mais foco, compaix\u00e3o e aten\u00e7\u00e3o plena.\u00a0<\/span><\/p>\n<p><span style=\"font-weight: 400;\">\u201cAqui, valorizamos os momentos de pausa, sil\u00eancio e relaxamento, como importantes oportunidades de aprendizagem e desenvolvimento da aten\u00e7\u00e3o, foco, concentra\u00e7\u00e3o e autopercep\u00e7\u00e3o\u201d, explica Camila De Mauro, pedagoga e diretora geral da Escola Santi, que tamb\u00e9m oferece o programa aos alunos.<\/span><\/p>\n<p><b>Mindfulness pelo Brasil<\/b><\/p>\n<p><span style=\"font-weight: 400;\">O programa da MindKids espalha-se cada vez mais pelo Brasil. Al\u00e9m da Integra (MG), que vai continuar a oferecer o programa por mais um ano, escolas como Piaget (GO), Sarah Dawsey (RJ) e Dom Bosco (MA) come\u00e7aram, em 2024, a levar Mindfulness para dentro da sala de aula. S\u00e3o novas escolas que aderiram ao programa e colher\u00e3o os benef\u00edcios j\u00e1 notados por aquelas que j\u00e1 praticam o Mindfulness em sala de aula.<\/span><\/p>\n<p><span style=\"font-weight: 400;\">Fa\u00e7a como Aubrick, Higien\u00f3polis, Be Living e Santa Cruz que, entre outras, j\u00e1 trouxeram o Mindfulness para o ambiente escolar e notaram resultados importantes.<\/span><\/p>\n","protected":false},"excerpt":{"rendered":"<p>Ter alunos mais atentos dentro da sala de aula j\u00e1 \u00e9 realidade para muitas escolas. O programa de forma\u00e7\u00e3o \u201cMindfulness para Ambiente Educacional\u201d, oferecido pela MindKids, tem sido a chave para que muitas escolas criem uma atmosfera de mais aten\u00e7\u00e3o, foco, compaix\u00e3o e equil\u00edbrio emocional, n\u00e3o s\u00f3 para alunos, mas tamb\u00e9m para professores.\u00a0 Uma pesquisa [&hellip;]<\/p>\n","protected":false},"author":7,"featured_media":12513,"comment_status":"open","ping_status":"open","sticky":false,"template":"","format":"standard","meta":{"footnotes":"","_links_to":"","_links_to_target":""},"categories":[63],"tags":[],"yoast_head":"<!-- This site is optimized with the Yoast SEO plugin v24.5 - https:\/\/yoast.com\/wordpress\/plugins\/seo\/ -->\n<title>Cada vez mais escolas levam Mindfulness para a sala de aula - MindKids<\/title>\n<meta name=\"robots\" content=\"index, follow, max-snippet:-1, max-image-preview:large, max-video-preview:-1\" \/>\n<link rel=\"canonical\" href=\"https:\/\/mindkids.net\/novo\/cada-vez-mais-escolas-levam-mindfulness-para-a-sala-de-aula\/\" \/>\n<meta property=\"og:locale\" content=\"pt_BR\" \/>\n<meta property=\"og:type\" content=\"article\" \/>\n<meta property=\"og:title\" content=\"Cada vez mais escolas levam Mindfulness para a sala de aula - MindKids\" \/>\n<meta property=\"og:description\" content=\"Ter alunos mais atentos dentro da sala de aula j\u00e1 \u00e9 realidade para muitas escolas. O programa de forma\u00e7\u00e3o \u201cMindfulness para Ambiente Educacional\u201d, oferecido pela MindKids, tem sido a chave para que muitas escolas criem uma atmosfera de mais aten\u00e7\u00e3o, foco, compaix\u00e3o e equil\u00edbrio emocional, n\u00e3o s\u00f3 para alunos, mas tamb\u00e9m para professores.\u00a0 Uma pesquisa [&hellip;]\" \/>\n<meta property=\"og:url\" content=\"https:\/\/mindkids.net\/novo\/cada-vez-mais-escolas-levam-mindfulness-para-a-sala-de-aula\/\" \/>\n<meta property=\"og:site_name\" content=\"MindKids\" \/>\n<meta property=\"article:published_time\" content=\"2024-02-29T15:05:33+00:00\" \/>\n<meta property=\"article:modified_time\" content=\"2024-07-19T15:41:49+00:00\" \/>\n<meta property=\"og:image\" content=\"https:\/\/mindkids.net\/novo\/wp-content\/uploads\/2024\/02\/post-do-blog-1.png\" \/>\n\t<meta property=\"og:image:width\" content=\"1080\" \/>\n\t<meta property=\"og:image:height\" content=\"675\" \/>\n\t<meta property=\"og:image:type\" content=\"image\/png\" \/>\n<meta name=\"author\" content=\"Daniela Degani\" \/>\n<meta name=\"twitter:card\" content=\"summary_large_image\" \/>\n<meta name=\"twitter:label1\" content=\"Escrito por\" \/>\n\t<meta name=\"twitter:data1\" content=\"Daniela Degani\" \/>\n\t<meta name=\"twitter:label2\" content=\"Est. tempo de leitura\" \/>\n\t<meta name=\"twitter:data2\" content=\"3 minutos\" \/>\n<script type=\"application\/ld+json\" class=\"yoast-schema-graph\">{\"@context\":\"https:\/\/schema.org\",\"@graph\":[{\"@type\":\"WebPage\",\"@id\":\"https:\/\/mindkids.net\/novo\/cada-vez-mais-escolas-levam-mindfulness-para-a-sala-de-aula\/\",\"url\":\"https:\/\/mindkids.net\/novo\/cada-vez-mais-escolas-levam-mindfulness-para-a-sala-de-aula\/\",\"name\":\"Cada vez mais escolas levam Mindfulness para a sala de aula - MindKids\",\"isPartOf\":{\"@id\":\"https:\/\/mindkids.net\/novo\/#website\"},\"primaryImageOfPage\":{\"@id\":\"https:\/\/mindkids.net\/novo\/cada-vez-mais-escolas-levam-mindfulness-para-a-sala-de-aula\/#primaryimage\"},\"image\":{\"@id\":\"https:\/\/mindkids.net\/novo\/cada-vez-mais-escolas-levam-mindfulness-para-a-sala-de-aula\/#primaryimage\"},\"thumbnailUrl\":\"https:\/\/mindkids.net\/novo\/wp-content\/uploads\/2024\/02\/post-do-blog-1.png\",\"datePublished\":\"2024-02-29T15:05:33+00:00\",\"dateModified\":\"2024-07-19T15:41:49+00:00\",\"author\":{\"@id\":\"https:\/\/mindkids.net\/novo\/#\/schema\/person\/cf44b16dc0eeb222029408bebfec5b8c\"},\"breadcrumb\":{\"@id\":\"https:\/\/mindkids.net\/novo\/cada-vez-mais-escolas-levam-mindfulness-para-a-sala-de-aula\/#breadcrumb\"},\"inLanguage\":\"pt-BR\",\"potentialAction\":[{\"@type\":\"ReadAction\",\"target\":[\"https:\/\/mindkids.net\/novo\/cada-vez-mais-escolas-levam-mindfulness-para-a-sala-de-aula\/\"]}]},{\"@type\":\"ImageObject\",\"inLanguage\":\"pt-BR\",\"@id\":\"https:\/\/mindkids.net\/novo\/cada-vez-mais-escolas-levam-mindfulness-para-a-sala-de-aula\/#primaryimage\",\"url\":\"https:\/\/mindkids.net\/novo\/wp-content\/uploads\/2024\/02\/post-do-blog-1.png\",\"contentUrl\":\"https:\/\/mindkids.net\/novo\/wp-content\/uploads\/2024\/02\/post-do-blog-1.png\",\"width\":1080,\"height\":675},{\"@type\":\"BreadcrumbList\",\"@id\":\"https:\/\/mindkids.net\/novo\/cada-vez-mais-escolas-levam-mindfulness-para-a-sala-de-aula\/#breadcrumb\",\"itemListElement\":[{\"@type\":\"ListItem\",\"position\":1,\"name\":\"In\u00edcio\",\"item\":\"https:\/\/mindkids.net\/novo\/\"},{\"@type\":\"ListItem\",\"position\":2,\"name\":\"Cada vez mais escolas levam Mindfulness para a sala de aula\"}]},{\"@type\":\"WebSite\",\"@id\":\"https:\/\/mindkids.net\/novo\/#website\",\"url\":\"https:\/\/mindkids.net\/novo\/\",\"name\":\"MindKids\",\"description\":\"\",\"potentialAction\":[{\"@type\":\"SearchAction\",\"target\":{\"@type\":\"EntryPoint\",\"urlTemplate\":\"https:\/\/mindkids.net\/novo\/?s={search_term_string}\"},\"query-input\":{\"@type\":\"PropertyValueSpecification\",\"valueRequired\":true,\"valueName\":\"search_term_string\"}}],\"inLanguage\":\"pt-BR\"},{\"@type\":\"Person\",\"@id\":\"https:\/\/mindkids.net\/novo\/#\/schema\/person\/cf44b16dc0eeb222029408bebfec5b8c\",\"name\":\"Daniela Degani\",\"image\":{\"@type\":\"ImageObject\",\"inLanguage\":\"pt-BR\",\"@id\":\"https:\/\/mindkids.net\/novo\/#\/schema\/person\/image\/\",\"url\":\"https:\/\/secure.gravatar.com\/avatar\/2435aeee7efc4e36da9ca10e44fa1b49?s=96&d=mm&r=g\",\"contentUrl\":\"https:\/\/secure.gravatar.com\/avatar\/2435aeee7efc4e36da9ca10e44fa1b49?s=96&d=mm&r=g\",\"caption\":\"Daniela Degani\"},\"url\":\"https:\/\/mindkids.net\/novo\/author\/danidegani\/\"}]}<\/script>\n<!-- \/ Yoast SEO plugin. -->","yoast_head_json":{"title":"Cada vez mais escolas levam Mindfulness para a sala de aula - MindKids","robots":{"index":"index","follow":"follow","max-snippet":"max-snippet:-1","max-image-preview":"max-image-preview:large","max-video-preview":"max-video-preview:-1"},"canonical":"https:\/\/mindkids.net\/novo\/cada-vez-mais-escolas-levam-mindfulness-para-a-sala-de-aula\/","og_locale":"pt_BR","og_type":"article","og_title":"Cada vez mais escolas levam Mindfulness para a sala de aula - MindKids","og_description":"Ter alunos mais atentos dentro da sala de aula j\u00e1 \u00e9 realidade para muitas escolas. O programa de forma\u00e7\u00e3o \u201cMindfulness para Ambiente Educacional\u201d, oferecido pela MindKids, tem sido a chave para que muitas escolas criem uma atmosfera de mais aten\u00e7\u00e3o, foco, compaix\u00e3o e equil\u00edbrio emocional, n\u00e3o s\u00f3 para alunos, mas tamb\u00e9m para professores.\u00a0 Uma pesquisa [&hellip;]","og_url":"https:\/\/mindkids.net\/novo\/cada-vez-mais-escolas-levam-mindfulness-para-a-sala-de-aula\/","og_site_name":"MindKids","article_published_time":"2024-02-29T15:05:33+00:00","article_modified_time":"2024-07-19T15:41:49+00:00","og_image":[{"width":1080,"height":675,"url":"https:\/\/mindkids.net\/novo\/wp-content\/uploads\/2024\/02\/post-do-blog-1.png","type":"image\/png"}],"author":"Daniela Degani","twitter_card":"summary_large_image","twitter_misc":{"Escrito por":"Daniela Degani","Est. tempo de leitura":"3 minutos"},"schema":{"@context":"https:\/\/schema.org","@graph":[{"@type":"WebPage","@id":"https:\/\/mindkids.net\/novo\/cada-vez-mais-escolas-levam-mindfulness-para-a-sala-de-aula\/","url":"https:\/\/mindkids.net\/novo\/cada-vez-mais-escolas-levam-mindfulness-para-a-sala-de-aula\/","name":"Cada vez mais escolas levam Mindfulness para a sala de aula - MindKids","isPartOf":{"@id":"https:\/\/mindkids.net\/novo\/#website"},"primaryImageOfPage":{"@id":"https:\/\/mindkids.net\/novo\/cada-vez-mais-escolas-levam-mindfulness-para-a-sala-de-aula\/#primaryimage"},"image":{"@id":"https:\/\/mindkids.net\/novo\/cada-vez-mais-escolas-levam-mindfulness-para-a-sala-de-aula\/#primaryimage"},"thumbnailUrl":"https:\/\/mindkids.net\/novo\/wp-content\/uploads\/2024\/02\/post-do-blog-1.png","datePublished":"2024-02-29T15:05:33+00:00","dateModified":"2024-07-19T15:41:49+00:00","author":{"@id":"https:\/\/mindkids.net\/novo\/#\/schema\/person\/cf44b16dc0eeb222029408bebfec5b8c"},"breadcrumb":{"@id":"https:\/\/mindkids.net\/novo\/cada-vez-mais-escolas-levam-mindfulness-para-a-sala-de-aula\/#breadcrumb"},"inLanguage":"pt-BR","potentialAction":[{"@type":"ReadAction","target":["https:\/\/mindkids.net\/novo\/cada-vez-mais-escolas-levam-mindfulness-para-a-sala-de-aula\/"]}]},{"@type":"ImageObject","inLanguage":"pt-BR","@id":"https:\/\/mindkids.net\/novo\/cada-vez-mais-escolas-levam-mindfulness-para-a-sala-de-aula\/#primaryimage","url":"https:\/\/mindkids.net\/novo\/wp-content\/uploads\/2024\/02\/post-do-blog-1.png","contentUrl":"https:\/\/mindkids.net\/novo\/wp-content\/uploads\/2024\/02\/post-do-blog-1.png","width":1080,"height":675},{"@type":"BreadcrumbList","@id":"https:\/\/mindkids.net\/novo\/cada-vez-mais-escolas-levam-mindfulness-para-a-sala-de-aula\/#breadcrumb","itemListElement":[{"@type":"ListItem","position":1,"name":"In\u00edcio","item":"https:\/\/mindkids.net\/novo\/"},{"@type":"ListItem","position":2,"name":"Cada vez mais escolas levam Mindfulness para a sala de aula"}]},{"@type":"WebSite","@id":"https:\/\/mindkids.net\/novo\/#website","url":"https:\/\/mindkids.net\/novo\/","name":"MindKids","description":"","potentialAction":[{"@type":"SearchAction","target":{"@type":"EntryPoint","urlTemplate":"https:\/\/mindkids.net\/novo\/?s={search_term_string}"},"query-input":{"@type":"PropertyValueSpecification","valueRequired":true,"valueName":"search_term_string"}}],"inLanguage":"pt-BR"},{"@type":"Person","@id":"https:\/\/mindkids.net\/novo\/#\/schema\/person\/cf44b16dc0eeb222029408bebfec5b8c","name":"Daniela Degani","image":{"@type":"ImageObject","inLanguage":"pt-BR","@id":"https:\/\/mindkids.net\/novo\/#\/schema\/person\/image\/","url":"https:\/\/secure.gravatar.com\/avatar\/2435aeee7efc4e36da9ca10e44fa1b49?s=96&d=mm&r=g","contentUrl":"https:\/\/secure.gravatar.com\/avatar\/2435aeee7efc4e36da9ca10e44fa1b49?s=96&d=mm&r=g","caption":"Daniela Degani"},"url":"https:\/\/mindkids.net\/novo\/author\/danidegani\/"}]}},"_links":{"self":[{"href":"https:\/\/mindkids.net\/novo\/wp-json\/wp\/v2\/posts\/12507"}],"collection":[{"href":"https:\/\/mindkids.net\/novo\/wp-json\/wp\/v2\/posts"}],"about":[{"href":"https:\/\/mindkids.net\/novo\/wp-json\/wp\/v2\/types\/post"}],"author":[{"embeddable":true,"href":"https:\/\/mindkids.net\/novo\/wp-json\/wp\/v2\/users\/7"}],"replies":[{"embeddable":true,"href":"https:\/\/mindkids.net\/novo\/wp-json\/wp\/v2\/comments?post=12507"}],"version-history":[{"count":6,"href":"https:\/\/mindkids.net\/novo\/wp-json\/wp\/v2\/posts\/12507\/revisions"}],"predecessor-version":[{"id":12525,"href":"https:\/\/mindkids.net\/novo\/wp-json\/wp\/v2\/posts\/12507\/revisions\/12525"}],"wp:featuredmedia":[{"embeddable":true,"href":"https:\/\/mindkids.net\/novo\/wp-json\/wp\/v2\/media\/12513"}],"wp:attachment":[{"href":"https:\/\/mindkids.net\/novo\/wp-json\/wp\/v2\/media?parent=12507"}],"wp:term":[{"taxonomy":"category","embeddable":true,"href":"https:\/\/mindkids.net\/novo\/wp-json\/wp\/v2\/categories?post=12507"},{"taxonomy":"post_tag","embeddable":true,"href":"https:\/\/mindkids.net\/novo\/wp-json\/wp\/v2\/tags?post=12507"}],"curies":[{"name":"wp","href":"https:\/\/api.w.org\/{rel}","templated":true}]}}