
{"id":12503,"date":"2024-03-04T08:00:23","date_gmt":"2024-03-04T11:00:23","guid":{"rendered":"https:\/\/mindkids.net\/novo\/?p=12503"},"modified":"2024-07-19T12:41:47","modified_gmt":"2024-07-19T15:41:47","slug":"equilibrio-digital-dicas-para-usar-telas-com-consciencia-atraves-de-praticas-de-mindfulness","status":"publish","type":"post","link":"https:\/\/mindkids.net\/novo\/equilibrio-digital-dicas-para-usar-telas-com-consciencia-atraves-de-praticas-de-mindfulness\/","title":{"rendered":"Equil\u00edbrio digital: dicas para usar telas com consci\u00eancia atrav\u00e9s de pr\u00e1ticas de Mindfulness"},"content":{"rendered":"<p style=\"text-align: justify;\"><span style=\"font-weight: 400;\">Em um mundo cada vez mais conectado e digital, onde a aten\u00e7\u00e3o \u00e9 constantemente disputada por notifica\u00e7\u00f5es, telas e est\u00edmulos multissensoriais, a pr\u00e1tica de Mindfulness surge como uma ferramenta para auxiliar no estresse, na ansiedade e na falta de foco.<\/span><\/p>\n<p style=\"text-align: justify;\"><span style=\"font-weight: 400;\">No artigo de hoje, apresentamos alternativas para reduzir o tempo em frente \u00e0s telas e aumentar os momentos de aten\u00e7\u00e3o plena atrav\u00e9s de pr\u00e1ticas simples de Mindfulness. Continue a leitura e aproveite nossas dicas!<\/span><\/p>\n<h2 style=\"text-align: justify;\"><span style=\"font-weight: 400;\">Os riscos da era digital<\/span><\/h2>\n<p style=\"text-align: justify;\"><span style=\"font-weight: 400;\">A era digital, embora ofere\u00e7a in\u00fameros benef\u00edcios, traz tamb\u00e9m desafios para nossa sa\u00fade mental e f\u00edsica. O excesso de tempo em frente \u00e0s telas pode levar \u00e0 sobrecarga de informa\u00e7\u00f5es, \u00e0 falta de foco, \u00e0 dificuldade de relaxamento e \u00e0 ins\u00f4nia. Al\u00e9m disso, a compara\u00e7\u00e3o nas redes sociais pode contribuir para a baixa autoestima e a ansiedade.<\/span><\/p>\n<p style=\"text-align: justify;\"><span style=\"font-weight: 400;\">Um dos principais contras da tecnologia \u00e9 que seu uso excessivo pode levar \u00e0 depend\u00eancia e provocar o isolamento social. <\/span><a href=\"http:\/\/aleph.letras.up.pt\/index.php\/Sociologia\/article\/view\/1410\/1201\"><span style=\"font-weight: 400;\">Um artigo publicado pela Universidade T\u00e9cnica de Lisboa<\/span><\/a><span style=\"font-weight: 400;\"> aponta que as sess\u00f5es de Internet chegam a ocupar cerca de 80 horas semanais \u2013 com per\u00edodos de at\u00e9 20 horas consecutivas. Essa utiliza\u00e7\u00e3o intensa liga-se \u00e0 diminui\u00e7\u00e3o da comunica\u00e7\u00e3o familiar, da dimens\u00e3o do c\u00edrculo social e ao aumento da probabilidade de desenvolvimento de depress\u00e3o e solid\u00e3o.\u00a0<\/span><\/p>\n<p style=\"text-align: justify;\"><span style=\"font-weight: 400;\">Nesse sentido, encontrar o equil\u00edbrio entre o aprendizado cont\u00ednuo sobre o assunto e a quantidade ideal para utiliza\u00e7\u00e3o di\u00e1ria das tecnologias \u00e9 a escolha certa para fazer um bom uso e aproveitar seus benef\u00edcios.\u00a0<\/span><\/p>\n<h2 style=\"text-align: justify;\"><span style=\"font-weight: 400;\">O caminho para encontrar equil\u00edbrio na era digital<\/span><\/h2>\n<p style=\"text-align: justify;\"><span style=\"font-weight: 400;\">Encontrar equil\u00edbrio em meio a tantos est\u00edmulos tecnol\u00f3gicos requer momentos de desconex\u00e3o, nos quais podemos nos reconectar com n\u00f3s mesmos e com o ambiente ao nosso redor.<\/span><\/p>\n<p style=\"text-align: justify;\"><span style=\"font-weight: 400;\">Isso vai al\u00e9m de uma simples pausa na vida digital. A exposi\u00e7\u00e3o \u00e0 tecnologia pode levar a sentimentos de ansiedade e estresse. Ao se desconectar, permitimos que nossos c\u00e9rebros se concentrem em outras atividades, como relaxar, ler ou passar tempo com amigos, familiares ou consigo mesmo.\u00a0<\/span><\/p>\n<h3 style=\"text-align: justify;\"><span style=\"font-weight: 400;\">Dicas simples para diminuir o tempo em frente \u00e0s telas<\/span><\/h3>\n<p style=\"text-align: justify;\"><span style=\"font-weight: 400;\">No in\u00edcio, a desconex\u00e3o pode ser desafiadora, pois estamos condicionados a estar constantemente conectados. \u00c9 normal sentir ansiedade ou desconforto ao se afastar das telas. No entanto, \u00e9 poss\u00edvel come\u00e7ar com passos simples. S\u00e3o exemplos:<\/span><\/p>\n<ul style=\"text-align: justify;\">\n<li style=\"font-weight: 400;\" aria-level=\"1\"><span style=\"font-weight: 400;\">Defina hor\u00e1rios espec\u00edficos para usar o celular e as redes sociais;<\/span><\/li>\n<li style=\"font-weight: 400;\" aria-level=\"1\"><span style=\"font-weight: 400;\">Desative as notifica\u00e7\u00f5es de aplicativos n\u00e3o essenciais;<\/span><\/li>\n<li style=\"font-weight: 400;\" aria-level=\"1\"><span style=\"font-weight: 400;\">Substitua o tempo de tela por atividades offline: leitura, exerc\u00edcios f\u00edsicos, medita\u00e7\u00e3o, hobbies, etc;<\/span><\/li>\n<li style=\"font-weight: 400;\" aria-level=\"1\"><span style=\"font-weight: 400;\">Fa\u00e7a atividades em grupo que n\u00e3o envolvam tecnologia: conversas com amigos, jogos de tabuleiro, atividades ao ar livre, etc;<\/span><\/li>\n<li style=\"font-weight: 400;\" aria-level=\"1\"><span style=\"font-weight: 400;\">Use aplicativos de controle de tempo de tela para monitorar o uso do celular.<\/span><\/li>\n<\/ul>\n<p style=\"text-align: justify;\"><span style=\"font-weight: 400;\">No caso de trabalhos executados online, voc\u00ea pode come\u00e7ar definindo limites claros para o tempo que passa em frente \u00e0s telas, por exemplo, evitando verificar e-mails fora do hor\u00e1rio de trabalho ou reduzindo o tempo gasto em redes sociais.<\/span><\/p>\n<h2 style=\"text-align: justify;\"><span style=\"font-weight: 400;\">Mindfulness: a arte de estar presente<\/span><\/h2>\n<p style=\"text-align: justify;\"><span style=\"font-weight: 400;\">A Medita\u00e7\u00e3o Mindfulness, tamb\u00e9m conhecida como aten\u00e7\u00e3o plena, \u00e9 uma pr\u00e1tica que nos convida a estar conscientes do momento presente. Incorporar Mindfulness no cotidiano vai al\u00e9m de simplesmente desconectar-se dos dispositivos; trata-se de reconectar-se consigo mesmo e com o ambiente ao redor.<\/span><\/p>\n<p style=\"text-align: justify;\"><span style=\"font-weight: 400;\">A pr\u00e1tica regular de Mindfulness oferece diversos benef\u00edcios para o bem-estar, como o aumento do foco e da aten\u00e7\u00e3o, o desenvolvimento de empatia e compaix\u00e3o, auxilia no equil\u00edbrio emocional e promove uma mente mais saud\u00e1vel.<\/span><\/p>\n<h2 style=\"text-align: justify;\"><span style=\"font-weight: 400;\">Incorporando pr\u00e1ticas de Mindfulness no cotidiano<\/span><\/h2>\n<p style=\"text-align: justify;\"><span style=\"font-weight: 400;\">Existem diversas maneiras de incorporar a pr\u00e1tica de Mindfulness no dia a dia, al\u00e9m das tradicionais t\u00e9cnicas de medita\u00e7\u00e3o:<\/span><\/p>\n<ul style=\"text-align: justify;\">\n<li style=\"font-weight: 400;\" aria-level=\"1\"><b>Preste aten\u00e7\u00e3o ao seu corpo<\/b><span style=\"font-weight: 400;\">: observe as sensa\u00e7\u00f5es corporais durante as atividades cotidianas, como a sensa\u00e7\u00e3o dos p\u00e9s no ch\u00e3o ao caminhar ou a temperatura da \u00e1gua ao tomar banho.<\/span><\/li>\n<li style=\"font-weight: 400;\" aria-level=\"1\"><b>Coma com aten\u00e7\u00e3o<\/b><span style=\"font-weight: 400;\">: desligue as distra\u00e7\u00f5es e concentre-se no sabor, na textura e no aroma da comida durante as refei\u00e7\u00f5es.<\/span><\/li>\n<li style=\"font-weight: 400;\" aria-level=\"1\"><b>Pratique a escuta ativa<\/b><span style=\"font-weight: 400;\">: ao conversar com algu\u00e9m, d\u00ea aten\u00e7\u00e3o total \u00e0 pessoa, sem pensar em outras coisas ou interromper.<\/span><\/li>\n<li style=\"font-weight: 400;\" aria-level=\"1\"><b>Realize atividades de Mindfulness<\/b><span style=\"font-weight: 400;\">: caminhadas meditativas, pr\u00e1ticas guiadas e outras atividades que exigem concentra\u00e7\u00e3o e aten\u00e7\u00e3o plena podem ser praticadas no dia a dia.<\/span><\/li>\n<\/ul>\n<h2 style=\"text-align: justify;\"><span style=\"font-weight: 400;\">Conclus\u00e3o<\/span><\/h2>\n<p style=\"text-align: justify;\"><span style=\"font-weight: 400;\">A pr\u00e1tica de Mindfulness \u00e9 um convite para vivermos com mais presen\u00e7a, consci\u00eancia e compaix\u00e3o. N\u00e3o se trata apenas de uma t\u00e9cnica de relaxamento, mas uma abordagem para aprimorar a qualidade de vida.\u00a0<\/span><\/p>\n<p style=\"text-align: justify;\"><span style=\"font-weight: 400;\">Seja para lidar com os desafios di\u00e1rios, aprimorar relacionamentos ou promover a sa\u00fade mental, a incorpora\u00e7\u00e3o de Mindfulness na rotina di\u00e1ria oferece um caminho valioso para o bem-estar.<\/span><\/p>\n<p style=\"text-align: justify;\"><span style=\"font-weight: 400;\">Pensando nisso, a MindKids surge como uma iniciativa inovadora que visa levar a pr\u00e1tica da Medita\u00e7\u00e3o Mindfulness para a educa\u00e7\u00e3o atrav\u00e9s de aulas para estudantes, forma\u00e7\u00e3o para educadores, pais e todos os interessados, bem como a implementa\u00e7\u00e3o em escolas. <\/span><a href=\"https:\/\/mindkids.net\/novo\/\" target=\"_blank\" rel=\"noopener\"><span style=\"font-weight: 400;\">Clique aqui<\/span><\/a><span style=\"font-weight: 400;\"> e conhe\u00e7a mais sobre a MindKids!<\/span><\/p>\n<hr \/>\n<p style=\"text-align: justify;\"><i><span style=\"font-weight: 400;\">Refer\u00eancias:<\/span><\/i><\/p>\n<p style=\"text-align: justify;\"><i><span style=\"font-weight: 400;\">Twenge, J. M., Campbell, W. K., &amp; Campbell, S. M. (2018). Associations between screen time and lower psychological well-being among children and adolescents: Evidence from a population-based study. Preventive Medicine Reports, 12, 271-283. \u21a9<\/span><\/i><\/p>\n<p style=\"text-align: justify;\"><i><span style=\"font-weight: 400;\">Creswell, J. D., Pacilio, L. E., Lindsay, E. K., &amp; Brown, K. W. (2014). Brief mindfulness meditation training alters psychological and neuroendocrine responses to social evaluative stress. Psychoneuroendocrinology, 44, 1-12.\u00a0<\/span><\/i><\/p>\n","protected":false},"excerpt":{"rendered":"<p>Em um mundo cada vez mais conectado e digital, onde a aten\u00e7\u00e3o \u00e9 constantemente disputada por notifica\u00e7\u00f5es, telas e est\u00edmulos multissensoriais, a pr\u00e1tica de Mindfulness surge como uma ferramenta para auxiliar no estresse, na ansiedade e na falta de foco. No artigo de hoje, apresentamos alternativas para reduzir o tempo em frente \u00e0s telas e [&hellip;]<\/p>\n","protected":false},"author":7,"featured_media":12504,"comment_status":"open","ping_status":"open","sticky":false,"template":"","format":"standard","meta":{"footnotes":"","_links_to":"","_links_to_target":""},"categories":[63],"tags":[],"yoast_head":"<!-- This site is optimized with the Yoast SEO plugin v24.5 - https:\/\/yoast.com\/wordpress\/plugins\/seo\/ -->\n<title>Equil\u00edbrio digital: dicas para usar telas com consci\u00eancia atrav\u00e9s de pr\u00e1ticas de Mindfulness - MindKids<\/title>\n<meta name=\"robots\" content=\"index, follow, max-snippet:-1, max-image-preview:large, max-video-preview:-1\" \/>\n<link rel=\"canonical\" href=\"https:\/\/mindkids.net\/novo\/equilibrio-digital-dicas-para-usar-telas-com-consciencia-atraves-de-praticas-de-mindfulness\/\" \/>\n<meta property=\"og:locale\" content=\"pt_BR\" \/>\n<meta property=\"og:type\" content=\"article\" \/>\n<meta property=\"og:title\" content=\"Equil\u00edbrio digital: dicas para usar telas com consci\u00eancia atrav\u00e9s de pr\u00e1ticas de Mindfulness - MindKids\" \/>\n<meta property=\"og:description\" content=\"Em um mundo cada vez mais conectado e digital, onde a aten\u00e7\u00e3o \u00e9 constantemente disputada por notifica\u00e7\u00f5es, telas e est\u00edmulos multissensoriais, a pr\u00e1tica de Mindfulness surge como uma ferramenta para auxiliar no estresse, na ansiedade e na falta de foco. No artigo de hoje, apresentamos alternativas para reduzir o tempo em frente \u00e0s telas e [&hellip;]\" \/>\n<meta property=\"og:url\" content=\"https:\/\/mindkids.net\/novo\/equilibrio-digital-dicas-para-usar-telas-com-consciencia-atraves-de-praticas-de-mindfulness\/\" \/>\n<meta property=\"og:site_name\" content=\"MindKids\" \/>\n<meta property=\"article:published_time\" content=\"2024-03-04T11:00:23+00:00\" \/>\n<meta property=\"article:modified_time\" content=\"2024-07-19T15:41:47+00:00\" \/>\n<meta property=\"og:image\" content=\"https:\/\/mindkids.net\/novo\/wp-content\/uploads\/2024\/02\/Dicas-para-usar-telas-com-consciencia-atraves-de-praticas-de-Mindfulness.jpeg\" \/>\n\t<meta property=\"og:image:width\" content=\"2000\" \/>\n\t<meta property=\"og:image:height\" content=\"1000\" \/>\n\t<meta property=\"og:image:type\" content=\"image\/jpeg\" \/>\n<meta name=\"author\" content=\"Daniela Degani\" \/>\n<meta name=\"twitter:card\" content=\"summary_large_image\" \/>\n<meta name=\"twitter:label1\" content=\"Escrito por\" \/>\n\t<meta name=\"twitter:data1\" content=\"Daniela Degani\" \/>\n\t<meta name=\"twitter:label2\" content=\"Est. tempo de leitura\" \/>\n\t<meta name=\"twitter:data2\" content=\"5 minutos\" \/>\n<script type=\"application\/ld+json\" class=\"yoast-schema-graph\">{\"@context\":\"https:\/\/schema.org\",\"@graph\":[{\"@type\":\"WebPage\",\"@id\":\"https:\/\/mindkids.net\/novo\/equilibrio-digital-dicas-para-usar-telas-com-consciencia-atraves-de-praticas-de-mindfulness\/\",\"url\":\"https:\/\/mindkids.net\/novo\/equilibrio-digital-dicas-para-usar-telas-com-consciencia-atraves-de-praticas-de-mindfulness\/\",\"name\":\"Equil\u00edbrio digital: dicas para usar telas com consci\u00eancia atrav\u00e9s de pr\u00e1ticas de Mindfulness - MindKids\",\"isPartOf\":{\"@id\":\"https:\/\/mindkids.net\/novo\/#website\"},\"primaryImageOfPage\":{\"@id\":\"https:\/\/mindkids.net\/novo\/equilibrio-digital-dicas-para-usar-telas-com-consciencia-atraves-de-praticas-de-mindfulness\/#primaryimage\"},\"image\":{\"@id\":\"https:\/\/mindkids.net\/novo\/equilibrio-digital-dicas-para-usar-telas-com-consciencia-atraves-de-praticas-de-mindfulness\/#primaryimage\"},\"thumbnailUrl\":\"https:\/\/mindkids.net\/novo\/wp-content\/uploads\/2024\/02\/Dicas-para-usar-telas-com-consciencia-atraves-de-praticas-de-Mindfulness.jpeg\",\"datePublished\":\"2024-03-04T11:00:23+00:00\",\"dateModified\":\"2024-07-19T15:41:47+00:00\",\"author\":{\"@id\":\"https:\/\/mindkids.net\/novo\/#\/schema\/person\/cf44b16dc0eeb222029408bebfec5b8c\"},\"breadcrumb\":{\"@id\":\"https:\/\/mindkids.net\/novo\/equilibrio-digital-dicas-para-usar-telas-com-consciencia-atraves-de-praticas-de-mindfulness\/#breadcrumb\"},\"inLanguage\":\"pt-BR\",\"potentialAction\":[{\"@type\":\"ReadAction\",\"target\":[\"https:\/\/mindkids.net\/novo\/equilibrio-digital-dicas-para-usar-telas-com-consciencia-atraves-de-praticas-de-mindfulness\/\"]}]},{\"@type\":\"ImageObject\",\"inLanguage\":\"pt-BR\",\"@id\":\"https:\/\/mindkids.net\/novo\/equilibrio-digital-dicas-para-usar-telas-com-consciencia-atraves-de-praticas-de-mindfulness\/#primaryimage\",\"url\":\"https:\/\/mindkids.net\/novo\/wp-content\/uploads\/2024\/02\/Dicas-para-usar-telas-com-consciencia-atraves-de-praticas-de-Mindfulness.jpeg\",\"contentUrl\":\"https:\/\/mindkids.net\/novo\/wp-content\/uploads\/2024\/02\/Dicas-para-usar-telas-com-consciencia-atraves-de-praticas-de-Mindfulness.jpeg\",\"width\":2000,\"height\":1000},{\"@type\":\"BreadcrumbList\",\"@id\":\"https:\/\/mindkids.net\/novo\/equilibrio-digital-dicas-para-usar-telas-com-consciencia-atraves-de-praticas-de-mindfulness\/#breadcrumb\",\"itemListElement\":[{\"@type\":\"ListItem\",\"position\":1,\"name\":\"In\u00edcio\",\"item\":\"https:\/\/mindkids.net\/novo\/\"},{\"@type\":\"ListItem\",\"position\":2,\"name\":\"Equil\u00edbrio digital: dicas para usar telas com consci\u00eancia atrav\u00e9s de pr\u00e1ticas de Mindfulness\"}]},{\"@type\":\"WebSite\",\"@id\":\"https:\/\/mindkids.net\/novo\/#website\",\"url\":\"https:\/\/mindkids.net\/novo\/\",\"name\":\"MindKids\",\"description\":\"\",\"potentialAction\":[{\"@type\":\"SearchAction\",\"target\":{\"@type\":\"EntryPoint\",\"urlTemplate\":\"https:\/\/mindkids.net\/novo\/?s={search_term_string}\"},\"query-input\":{\"@type\":\"PropertyValueSpecification\",\"valueRequired\":true,\"valueName\":\"search_term_string\"}}],\"inLanguage\":\"pt-BR\"},{\"@type\":\"Person\",\"@id\":\"https:\/\/mindkids.net\/novo\/#\/schema\/person\/cf44b16dc0eeb222029408bebfec5b8c\",\"name\":\"Daniela Degani\",\"image\":{\"@type\":\"ImageObject\",\"inLanguage\":\"pt-BR\",\"@id\":\"https:\/\/mindkids.net\/novo\/#\/schema\/person\/image\/\",\"url\":\"https:\/\/secure.gravatar.com\/avatar\/2435aeee7efc4e36da9ca10e44fa1b49?s=96&d=mm&r=g\",\"contentUrl\":\"https:\/\/secure.gravatar.com\/avatar\/2435aeee7efc4e36da9ca10e44fa1b49?s=96&d=mm&r=g\",\"caption\":\"Daniela Degani\"},\"url\":\"https:\/\/mindkids.net\/novo\/author\/danidegani\/\"}]}<\/script>\n<!-- \/ Yoast SEO plugin. -->","yoast_head_json":{"title":"Equil\u00edbrio digital: dicas para usar telas com consci\u00eancia atrav\u00e9s de pr\u00e1ticas de Mindfulness - MindKids","robots":{"index":"index","follow":"follow","max-snippet":"max-snippet:-1","max-image-preview":"max-image-preview:large","max-video-preview":"max-video-preview:-1"},"canonical":"https:\/\/mindkids.net\/novo\/equilibrio-digital-dicas-para-usar-telas-com-consciencia-atraves-de-praticas-de-mindfulness\/","og_locale":"pt_BR","og_type":"article","og_title":"Equil\u00edbrio digital: dicas para usar telas com consci\u00eancia atrav\u00e9s de pr\u00e1ticas de Mindfulness - MindKids","og_description":"Em um mundo cada vez mais conectado e digital, onde a aten\u00e7\u00e3o \u00e9 constantemente disputada por notifica\u00e7\u00f5es, telas e est\u00edmulos multissensoriais, a pr\u00e1tica de Mindfulness surge como uma ferramenta para auxiliar no estresse, na ansiedade e na falta de foco. No artigo de hoje, apresentamos alternativas para reduzir o tempo em frente \u00e0s telas e [&hellip;]","og_url":"https:\/\/mindkids.net\/novo\/equilibrio-digital-dicas-para-usar-telas-com-consciencia-atraves-de-praticas-de-mindfulness\/","og_site_name":"MindKids","article_published_time":"2024-03-04T11:00:23+00:00","article_modified_time":"2024-07-19T15:41:47+00:00","og_image":[{"width":2000,"height":1000,"url":"https:\/\/mindkids.net\/novo\/wp-content\/uploads\/2024\/02\/Dicas-para-usar-telas-com-consciencia-atraves-de-praticas-de-Mindfulness.jpeg","type":"image\/jpeg"}],"author":"Daniela Degani","twitter_card":"summary_large_image","twitter_misc":{"Escrito por":"Daniela Degani","Est. tempo de leitura":"5 minutos"},"schema":{"@context":"https:\/\/schema.org","@graph":[{"@type":"WebPage","@id":"https:\/\/mindkids.net\/novo\/equilibrio-digital-dicas-para-usar-telas-com-consciencia-atraves-de-praticas-de-mindfulness\/","url":"https:\/\/mindkids.net\/novo\/equilibrio-digital-dicas-para-usar-telas-com-consciencia-atraves-de-praticas-de-mindfulness\/","name":"Equil\u00edbrio digital: dicas para usar telas com consci\u00eancia atrav\u00e9s de pr\u00e1ticas de Mindfulness - MindKids","isPartOf":{"@id":"https:\/\/mindkids.net\/novo\/#website"},"primaryImageOfPage":{"@id":"https:\/\/mindkids.net\/novo\/equilibrio-digital-dicas-para-usar-telas-com-consciencia-atraves-de-praticas-de-mindfulness\/#primaryimage"},"image":{"@id":"https:\/\/mindkids.net\/novo\/equilibrio-digital-dicas-para-usar-telas-com-consciencia-atraves-de-praticas-de-mindfulness\/#primaryimage"},"thumbnailUrl":"https:\/\/mindkids.net\/novo\/wp-content\/uploads\/2024\/02\/Dicas-para-usar-telas-com-consciencia-atraves-de-praticas-de-Mindfulness.jpeg","datePublished":"2024-03-04T11:00:23+00:00","dateModified":"2024-07-19T15:41:47+00:00","author":{"@id":"https:\/\/mindkids.net\/novo\/#\/schema\/person\/cf44b16dc0eeb222029408bebfec5b8c"},"breadcrumb":{"@id":"https:\/\/mindkids.net\/novo\/equilibrio-digital-dicas-para-usar-telas-com-consciencia-atraves-de-praticas-de-mindfulness\/#breadcrumb"},"inLanguage":"pt-BR","potentialAction":[{"@type":"ReadAction","target":["https:\/\/mindkids.net\/novo\/equilibrio-digital-dicas-para-usar-telas-com-consciencia-atraves-de-praticas-de-mindfulness\/"]}]},{"@type":"ImageObject","inLanguage":"pt-BR","@id":"https:\/\/mindkids.net\/novo\/equilibrio-digital-dicas-para-usar-telas-com-consciencia-atraves-de-praticas-de-mindfulness\/#primaryimage","url":"https:\/\/mindkids.net\/novo\/wp-content\/uploads\/2024\/02\/Dicas-para-usar-telas-com-consciencia-atraves-de-praticas-de-Mindfulness.jpeg","contentUrl":"https:\/\/mindkids.net\/novo\/wp-content\/uploads\/2024\/02\/Dicas-para-usar-telas-com-consciencia-atraves-de-praticas-de-Mindfulness.jpeg","width":2000,"height":1000},{"@type":"BreadcrumbList","@id":"https:\/\/mindkids.net\/novo\/equilibrio-digital-dicas-para-usar-telas-com-consciencia-atraves-de-praticas-de-mindfulness\/#breadcrumb","itemListElement":[{"@type":"ListItem","position":1,"name":"In\u00edcio","item":"https:\/\/mindkids.net\/novo\/"},{"@type":"ListItem","position":2,"name":"Equil\u00edbrio digital: dicas para usar telas com consci\u00eancia atrav\u00e9s de pr\u00e1ticas de Mindfulness"}]},{"@type":"WebSite","@id":"https:\/\/mindkids.net\/novo\/#website","url":"https:\/\/mindkids.net\/novo\/","name":"MindKids","description":"","potentialAction":[{"@type":"SearchAction","target":{"@type":"EntryPoint","urlTemplate":"https:\/\/mindkids.net\/novo\/?s={search_term_string}"},"query-input":{"@type":"PropertyValueSpecification","valueRequired":true,"valueName":"search_term_string"}}],"inLanguage":"pt-BR"},{"@type":"Person","@id":"https:\/\/mindkids.net\/novo\/#\/schema\/person\/cf44b16dc0eeb222029408bebfec5b8c","name":"Daniela Degani","image":{"@type":"ImageObject","inLanguage":"pt-BR","@id":"https:\/\/mindkids.net\/novo\/#\/schema\/person\/image\/","url":"https:\/\/secure.gravatar.com\/avatar\/2435aeee7efc4e36da9ca10e44fa1b49?s=96&d=mm&r=g","contentUrl":"https:\/\/secure.gravatar.com\/avatar\/2435aeee7efc4e36da9ca10e44fa1b49?s=96&d=mm&r=g","caption":"Daniela Degani"},"url":"https:\/\/mindkids.net\/novo\/author\/danidegani\/"}]}},"_links":{"self":[{"href":"https:\/\/mindkids.net\/novo\/wp-json\/wp\/v2\/posts\/12503"}],"collection":[{"href":"https:\/\/mindkids.net\/novo\/wp-json\/wp\/v2\/posts"}],"about":[{"href":"https:\/\/mindkids.net\/novo\/wp-json\/wp\/v2\/types\/post"}],"author":[{"embeddable":true,"href":"https:\/\/mindkids.net\/novo\/wp-json\/wp\/v2\/users\/7"}],"replies":[{"embeddable":true,"href":"https:\/\/mindkids.net\/novo\/wp-json\/wp\/v2\/comments?post=12503"}],"version-history":[{"count":1,"href":"https:\/\/mindkids.net\/novo\/wp-json\/wp\/v2\/posts\/12503\/revisions"}],"predecessor-version":[{"id":12505,"href":"https:\/\/mindkids.net\/novo\/wp-json\/wp\/v2\/posts\/12503\/revisions\/12505"}],"wp:featuredmedia":[{"embeddable":true,"href":"https:\/\/mindkids.net\/novo\/wp-json\/wp\/v2\/media\/12504"}],"wp:attachment":[{"href":"https:\/\/mindkids.net\/novo\/wp-json\/wp\/v2\/media?parent=12503"}],"wp:term":[{"taxonomy":"category","embeddable":true,"href":"https:\/\/mindkids.net\/novo\/wp-json\/wp\/v2\/categories?post=12503"},{"taxonomy":"post_tag","embeddable":true,"href":"https:\/\/mindkids.net\/novo\/wp-json\/wp\/v2\/tags?post=12503"}],"curies":[{"name":"wp","href":"https:\/\/api.w.org\/{rel}","templated":true}]}}