
{"id":12500,"date":"2024-02-28T14:41:37","date_gmt":"2024-02-28T17:41:37","guid":{"rendered":"https:\/\/mindkids.net\/novo\/?p=12500"},"modified":"2024-07-19T12:41:50","modified_gmt":"2024-07-19T15:41:50","slug":"o-papel-da-meditacao-mindfulness-na-gestao-do-estresse-durante-o-periodo-de-volta-as-aulas","status":"publish","type":"post","link":"https:\/\/mindkids.net\/novo\/o-papel-da-meditacao-mindfulness-na-gestao-do-estresse-durante-o-periodo-de-volta-as-aulas\/","title":{"rendered":"O papel da Medita\u00e7\u00e3o Mindfulness na gest\u00e3o do estresse durante o per\u00edodo de volta \u00e0s aulas"},"content":{"rendered":"<p style=\"text-align: justify;\"><span style=\"font-weight: 400;\">O per\u00edodo de volta \u00e0s aulas pode ser um momento de grande estresse para estudantes e educadores. As novas rotinas, expectativas e responsabilidades podem gerar ansiedade, falta de foco e desequil\u00edbrio emocional.\u00a0<\/span><\/p>\n<p style=\"text-align: justify;\"><span style=\"font-weight: 400;\">A boa not\u00edcia, por\u00e9m, \u00e9 que existem ferramentas que ajudam a lidar com esses desafios, como \u00e9 o caso das pr\u00e1ticas de Medita\u00e7\u00e3o Mindfulness, que ser\u00e3o exploradas neste\u00a0 artigo. Vamos l\u00e1?\u00a0<\/span><\/p>\n<h2 style=\"text-align: justify;\"><span style=\"font-weight: 400;\">O estresse no contexto escolar<\/span><\/h2>\n<p style=\"text-align: justify;\"><span style=\"font-weight: 400;\">O estresse dos estudantes \u00e9 um problema de grande relev\u00e2ncia e que impacta negativamente seu bem-estar e desempenho escolar. Suas causas s\u00e3o diversas e podem ser influenciadas por fatores acad\u00eamicos, sociais e pessoais, criando um ambiente desafiador para todos os envolvidos no processo educacional. Alguns deles podem ser:<\/span><\/p>\n<ul style=\"text-align: justify;\">\n<li style=\"font-weight: 400;\" aria-level=\"1\"><span style=\"font-weight: 400;\">Press\u00e3o por bom desempenho: a cobran\u00e7a por notas altas, aprova\u00e7\u00e3o em exames e vestibulares gera grande ansiedade em alunos de todas as idades.<\/span><\/li>\n<li style=\"font-weight: 400;\" aria-level=\"1\"><span style=\"font-weight: 400;\">Competi\u00e7\u00e3o entre colegas: a compara\u00e7\u00e3o com outros estudantes, principalmente em momentos como a volta \u00e0s aulas, quando as crian\u00e7as entram em contato com novos colegas, pode levar \u00e0 frustra\u00e7\u00e3o e \u00e0 baixa autoestima, intensificando o sentimento de inadequa\u00e7\u00e3o e inseguran\u00e7a.<\/span><\/li>\n<li style=\"font-weight: 400;\" aria-level=\"1\"><span style=\"font-weight: 400;\">Incerteza sobre o futuro: a escolha da carreira profissional, a press\u00e3o por ingressar em uma boa faculdade e a instabilidade do mercado de trabalho s\u00e3o preocupa\u00e7\u00f5es que podem gerar estresse e ansiedade em adolescentes.<\/span><\/li>\n<\/ul>\n<h2 style=\"text-align: justify;\"><span style=\"font-weight: 400;\">Fatores que contribuem para o estresse em educadores<\/span><\/h2>\n<p style=\"text-align: justify;\"><span style=\"font-weight: 400;\">N\u00e3o s\u00e3o apenas os alunos que enfrentam desafios; educadores tamb\u00e9m encaram uma s\u00e9rie de demandas e responsabilidades que podem gerar esse sentimento.<\/span><\/p>\n<p style=\"text-align: justify;\"><span style=\"font-weight: 400;\">O equil\u00edbrio entre as exig\u00eancias profissionais, a adapta\u00e7\u00e3o \u00e0s mudan\u00e7as curriculares e a garantia de um ambiente de aprendizado positivo s\u00e3o alguns dos fatores que podem gerar estresse nesses profissionais.\u00a0<\/span><\/p>\n<p style=\"text-align: justify;\"><span style=\"font-weight: 400;\">Destacam-se tamb\u00e9m como fatores influenciadores a demanda por resultados, o excesso de trabalho e a falta de reconhecimento do trabalho docente, que pode levar \u00e0 desmotiva\u00e7\u00e3o dos profissionais.<\/span><\/p>\n<h2 style=\"text-align: justify;\"><span style=\"font-weight: 400;\">Medita\u00e7\u00e3o Mindfulness e redu\u00e7\u00e3o do estresse<\/span><\/h2>\n<p style=\"text-align: justify;\"><span style=\"font-weight: 400;\">Mindfulness, ou aten\u00e7\u00e3o plena, \u00e9 a pr\u00e1tica de prestar aten\u00e7\u00e3o ao momento presente. Atrav\u00e9s dela,\u00a0 \u00e9 poss\u00edvel treinar a mente para se concentrar no agora, observando pensamentos, emo\u00e7\u00f5es e sensa\u00e7\u00f5es corporais com compaix\u00e3o e neutralidade.<\/span><\/p>\n<p style=\"text-align: justify;\"><span style=\"font-weight: 400;\">A Medita\u00e7\u00e3o Mindfulness oferece diversos benef\u00edcios para a gest\u00e3o do estresse, como:<\/span><\/p>\n<ul style=\"text-align: justify;\">\n<li style=\"font-weight: 400;\" aria-level=\"1\"><b>Melhora da ansiedade: <\/b><span style=\"font-weight: 400;\">ao focar no presente, a pr\u00e1tica de Mindfulness nos ajuda a distanciar-nos de pensamentos preocupantes, promovendo um estado mental mais calmo e sereno.<\/span><\/li>\n<li style=\"font-weight: 400;\" aria-level=\"1\"><b>Aumento da capacidade de foco:<\/b><span style=\"font-weight: 400;\"> quando praticada regularmente, a Medita\u00e7\u00e3o Mindfulness fortalece o \u201cm\u00fasculo\u201d da aten\u00e7\u00e3o, permitindo perceber a distra\u00e7\u00e3o e trazer a aten\u00e7\u00e3o de volta.<\/span><\/li>\n<li style=\"font-weight: 400;\" aria-level=\"1\"><b>Desenvolvimento de empatia e compaix\u00e3o:<\/b><span style=\"font-weight: 400;\"> a Medita\u00e7\u00e3o Mindfulness promove a conscientiza\u00e7\u00e3o sobre pensamentos e emo\u00e7\u00f5es, aumentando o entendimento dos sentimentos nossos e dos outros.<\/span><\/li>\n<li style=\"font-weight: 400;\" aria-level=\"1\"><b>Equil\u00edbrio emocional:<\/b><span style=\"font-weight: 400;\"> a pr\u00e1tica de Mindfulness est\u00e1 associada a uma melhor regula\u00e7\u00e3o emocional, promovendo uma atua\u00e7\u00e3o menos reativa e melhorando a habilidade dos praticantes de realizar tarefas, mesmo que sob efeito de fortes emo\u00e7\u00f5es.<\/span><\/li>\n<\/ul>\n<h2 style=\"text-align: justify;\"><span style=\"font-weight: 400;\">Mindfulness para educadores<\/span><\/h2>\n<p style=\"text-align: justify;\"><span style=\"font-weight: 400;\">Ser educador \u00e9 uma profiss\u00e3o que exige paix\u00e3o, dedica\u00e7\u00e3o e, acima de tudo, resili\u00eancia. Nesse contexto, a pr\u00e1tica de Mindfulness surge como uma poderosa aliada, oferecendo aos educadores ferramentas para lidar com os desafios da profiss\u00e3o de forma equilibrada.<\/span><\/p>\n<p style=\"text-align: justify;\"><span style=\"font-weight: 400;\">Um dos principais benef\u00edcios \u00e9 a redu\u00e7\u00e3o do estresse. Atrav\u00e9s da medita\u00e7\u00e3o e de exerc\u00edcios de respira\u00e7\u00e3o consciente, os profissionais da educa\u00e7\u00e3o podem desenvolver a capacidade de gerenciar suas emo\u00e7\u00f5es e pensamentos, respondendo \u00e0s press\u00f5es do dia a dia com mais calma e clareza.<\/span><\/p>\n<p style=\"text-align: justify;\"><span style=\"font-weight: 400;\">Al\u00e9m disso, a pr\u00e1tica oferece tamb\u00e9m benef\u00edcios como o aumento da resili\u00eancia emocional e a melhora das rela\u00e7\u00f5es entre educadores, alunos e colegas.<\/span><\/p>\n<h2 style=\"text-align: justify;\"><span style=\"font-weight: 400;\">Mindfulness para crian\u00e7as e adolescentes\u00a0<\/span><\/h2>\n<p style=\"text-align: justify;\"><span style=\"font-weight: 400;\">A pr\u00e1tica de Mindfulness, ou aten\u00e7\u00e3o plena, vem ganhando cada vez mais destaque como uma ferramenta poderosa para auxiliar no desenvolvimento de habilidades emocionais e sociais de crian\u00e7as e adolescentes.<\/span><\/p>\n<p style=\"text-align: justify;\"><span style=\"font-weight: 400;\">A <\/span><a href=\"https:\/\/edition.cnn.com\/videos\/us\/2023\/06\/28\/exp-nyc-elementary-schools-mental-health--062804aseg2--cnni-us.cnn\"><span style=\"font-weight: 400;\">cidade de Nova York determinou a inclus\u00e3o de exerc\u00edcios de Mindfulness de 2 a 5 minutos dentro da rotina escolar<\/span><\/a><span style=\"font-weight: 400;\"> a partir do primeiro semestre de 2024. De acordo com o prefeito da cidade, a pr\u00e1tica desenvolver\u00e1 habilidades saud\u00e1veis, que os ajudar\u00e3o por toda a vida na resolu\u00e7\u00e3o de problemas.<\/span><\/p>\n<h3 style=\"text-align: justify;\"><span style=\"font-weight: 400;\">Como pode ser aplicada em sala de aula?\u00a0<\/span><\/h3>\n<ul style=\"text-align: justify;\">\n<li style=\"font-weight: 400;\" aria-level=\"1\"><b>Exerc\u00edcios de respira\u00e7\u00e3o consciente:<\/b><span style=\"font-weight: 400;\"> os professores podem iniciar as aulas com exerc\u00edcios de respira\u00e7\u00e3o consciente para ajudar os alunos a se concentrarem e se conectarem com o momento presente.<\/span><\/li>\n<li style=\"font-weight: 400;\" aria-level=\"1\"><b>Atividades que promovem a autoconsci\u00eancia: <\/b><span style=\"font-weight: 400;\">atividades que promovem a autoconsci\u00eancia, como jogos de identifica\u00e7\u00e3o de emo\u00e7\u00f5es e exerc\u00edcios de autocompaix\u00e3o, tamb\u00e9m podem ser introduzidos na rotina escolar para estimular a pr\u00e1tica.\u00a0<\/span><\/li>\n<\/ul>\n<h2 style=\"text-align: justify;\"><span style=\"font-weight: 400;\">Forma\u00e7\u00e3o MindKids<\/span><\/h2>\n<p style=\"text-align: justify;\"><span style=\"font-weight: 400;\">Para tornar esse retorno \u00e0s aulas mais equilibrado, a MindKids desenvolveu o Curso Online Ensinando Aten\u00e7\u00e3o Plena.\u00a0<\/span><\/p>\n<p style=\"text-align: justify;\"><span style=\"font-weight: 400;\">Um curso \u00e9 destinado a educadores, profissionais de sa\u00fade, pais e instrutores de medita\u00e7\u00e3o, que querem fazer a diferen\u00e7a na vida de crian\u00e7as e adolescentes. Al\u00e9m de aprenderem como praticar Mindfulness com crian\u00e7as e adolescentes, com atividades adaptadas para\u00a0 diferentes faixas et\u00e1rias, os participantes ser\u00e3o capazes de criar uma pr\u00e1tica pessoal de Medita\u00e7\u00e3o Mindfulness para si mesmos, estimulando o foco e o aumento do bem-estar.\u00a0<\/span><\/p>\n<p style=\"text-align: justify;\"><span style=\"font-weight: 400;\">Quer saber como funciona? <\/span><a href=\"https:\/\/mindkids.net\/novo\/ead\/ensinando-atencao-plena\/\" target=\"_blank\" rel=\"noopener\"><span style=\"font-weight: 400;\">Clique aqui<\/span><\/a><span style=\"font-weight: 400;\"> e obtenha todas as informa\u00e7\u00f5es necess\u00e1rias para aprender, ensinar e praticar Medita\u00e7\u00e3o Mindfulness.<\/span><\/p>\n<hr \/>\n<p style=\"text-align: justify;\"><i><span style=\"font-weight: 400;\">Refer\u00eancias:<\/span><\/i><\/p>\n<p style=\"text-align: justify;\"><i><span style=\"font-weight: 400;\">Kabat-Zinn, J. (2003). Mindfulness-based interventions in context: Past, present, and future. Clinical Psychology: Science and Practice, 10(2), 144-156.<\/span><\/i><\/p>\n<p style=\"text-align: justify;\"><i><span style=\"font-weight: 400;\">Creswell, J. D., &amp; Lindsay, E. K. (2014). Mindfulness interventions. Annual Review of Psychology, 65, 491-524<\/span><\/i><\/p>\n","protected":false},"excerpt":{"rendered":"<p>O per\u00edodo de volta \u00e0s aulas pode ser um momento de grande estresse para estudantes e educadores. As novas rotinas, expectativas e responsabilidades podem gerar ansiedade, falta de foco e desequil\u00edbrio emocional.\u00a0 A boa not\u00edcia, por\u00e9m, \u00e9 que existem ferramentas que ajudam a lidar com esses desafios, como \u00e9 o caso das pr\u00e1ticas de Medita\u00e7\u00e3o [&hellip;]<\/p>\n","protected":false},"author":7,"featured_media":12501,"comment_status":"open","ping_status":"open","sticky":false,"template":"","format":"standard","meta":{"footnotes":"","_links_to":"","_links_to_target":""},"categories":[63],"tags":[],"yoast_head":"<!-- This site is optimized with the Yoast SEO plugin v24.5 - https:\/\/yoast.com\/wordpress\/plugins\/seo\/ -->\n<title>O papel da Medita\u00e7\u00e3o Mindfulness na gest\u00e3o do estresse durante o per\u00edodo de volta \u00e0s aulas - MindKids<\/title>\n<meta name=\"robots\" content=\"index, follow, max-snippet:-1, max-image-preview:large, max-video-preview:-1\" \/>\n<link rel=\"canonical\" href=\"https:\/\/mindkids.net\/novo\/o-papel-da-meditacao-mindfulness-na-gestao-do-estresse-durante-o-periodo-de-volta-as-aulas\/\" \/>\n<meta property=\"og:locale\" content=\"pt_BR\" \/>\n<meta property=\"og:type\" content=\"article\" \/>\n<meta property=\"og:title\" content=\"O papel da Medita\u00e7\u00e3o Mindfulness na gest\u00e3o do estresse durante o per\u00edodo de volta \u00e0s aulas - MindKids\" \/>\n<meta property=\"og:description\" content=\"O per\u00edodo de volta \u00e0s aulas pode ser um momento de grande estresse para estudantes e educadores. As novas rotinas, expectativas e responsabilidades podem gerar ansiedade, falta de foco e desequil\u00edbrio emocional.\u00a0 A boa not\u00edcia, por\u00e9m, \u00e9 que existem ferramentas que ajudam a lidar com esses desafios, como \u00e9 o caso das pr\u00e1ticas de Medita\u00e7\u00e3o [&hellip;]\" \/>\n<meta property=\"og:url\" content=\"https:\/\/mindkids.net\/novo\/o-papel-da-meditacao-mindfulness-na-gestao-do-estresse-durante-o-periodo-de-volta-as-aulas\/\" \/>\n<meta property=\"og:site_name\" content=\"MindKids\" \/>\n<meta property=\"article:published_time\" content=\"2024-02-28T17:41:37+00:00\" \/>\n<meta property=\"article:modified_time\" content=\"2024-07-19T15:41:50+00:00\" \/>\n<meta property=\"og:image\" content=\"https:\/\/mindkids.net\/novo\/wp-content\/uploads\/2024\/02\/O-papel-da-Meditacao-Mindfulness-na-gestao-do-estresse-durante-o-periodo-de-volta-as-aulas.jpeg\" \/>\n\t<meta property=\"og:image:width\" content=\"2000\" \/>\n\t<meta property=\"og:image:height\" content=\"1335\" \/>\n\t<meta property=\"og:image:type\" content=\"image\/jpeg\" \/>\n<meta name=\"author\" content=\"Daniela Degani\" \/>\n<meta name=\"twitter:card\" content=\"summary_large_image\" \/>\n<meta name=\"twitter:label1\" content=\"Escrito por\" \/>\n\t<meta name=\"twitter:data1\" content=\"Daniela Degani\" \/>\n\t<meta name=\"twitter:label2\" content=\"Est. tempo de leitura\" \/>\n\t<meta name=\"twitter:data2\" content=\"5 minutos\" \/>\n<script type=\"application\/ld+json\" class=\"yoast-schema-graph\">{\"@context\":\"https:\/\/schema.org\",\"@graph\":[{\"@type\":\"WebPage\",\"@id\":\"https:\/\/mindkids.net\/novo\/o-papel-da-meditacao-mindfulness-na-gestao-do-estresse-durante-o-periodo-de-volta-as-aulas\/\",\"url\":\"https:\/\/mindkids.net\/novo\/o-papel-da-meditacao-mindfulness-na-gestao-do-estresse-durante-o-periodo-de-volta-as-aulas\/\",\"name\":\"O papel da Medita\u00e7\u00e3o Mindfulness na gest\u00e3o do estresse durante o per\u00edodo de volta \u00e0s aulas - MindKids\",\"isPartOf\":{\"@id\":\"https:\/\/mindkids.net\/novo\/#website\"},\"primaryImageOfPage\":{\"@id\":\"https:\/\/mindkids.net\/novo\/o-papel-da-meditacao-mindfulness-na-gestao-do-estresse-durante-o-periodo-de-volta-as-aulas\/#primaryimage\"},\"image\":{\"@id\":\"https:\/\/mindkids.net\/novo\/o-papel-da-meditacao-mindfulness-na-gestao-do-estresse-durante-o-periodo-de-volta-as-aulas\/#primaryimage\"},\"thumbnailUrl\":\"https:\/\/mindkids.net\/novo\/wp-content\/uploads\/2024\/02\/O-papel-da-Meditacao-Mindfulness-na-gestao-do-estresse-durante-o-periodo-de-volta-as-aulas.jpeg\",\"datePublished\":\"2024-02-28T17:41:37+00:00\",\"dateModified\":\"2024-07-19T15:41:50+00:00\",\"author\":{\"@id\":\"https:\/\/mindkids.net\/novo\/#\/schema\/person\/cf44b16dc0eeb222029408bebfec5b8c\"},\"breadcrumb\":{\"@id\":\"https:\/\/mindkids.net\/novo\/o-papel-da-meditacao-mindfulness-na-gestao-do-estresse-durante-o-periodo-de-volta-as-aulas\/#breadcrumb\"},\"inLanguage\":\"pt-BR\",\"potentialAction\":[{\"@type\":\"ReadAction\",\"target\":[\"https:\/\/mindkids.net\/novo\/o-papel-da-meditacao-mindfulness-na-gestao-do-estresse-durante-o-periodo-de-volta-as-aulas\/\"]}]},{\"@type\":\"ImageObject\",\"inLanguage\":\"pt-BR\",\"@id\":\"https:\/\/mindkids.net\/novo\/o-papel-da-meditacao-mindfulness-na-gestao-do-estresse-durante-o-periodo-de-volta-as-aulas\/#primaryimage\",\"url\":\"https:\/\/mindkids.net\/novo\/wp-content\/uploads\/2024\/02\/O-papel-da-Meditacao-Mindfulness-na-gestao-do-estresse-durante-o-periodo-de-volta-as-aulas.jpeg\",\"contentUrl\":\"https:\/\/mindkids.net\/novo\/wp-content\/uploads\/2024\/02\/O-papel-da-Meditacao-Mindfulness-na-gestao-do-estresse-durante-o-periodo-de-volta-as-aulas.jpeg\",\"width\":2000,\"height\":1335,\"caption\":\"cute funny pupils running through school corridor\"},{\"@type\":\"BreadcrumbList\",\"@id\":\"https:\/\/mindkids.net\/novo\/o-papel-da-meditacao-mindfulness-na-gestao-do-estresse-durante-o-periodo-de-volta-as-aulas\/#breadcrumb\",\"itemListElement\":[{\"@type\":\"ListItem\",\"position\":1,\"name\":\"In\u00edcio\",\"item\":\"https:\/\/mindkids.net\/novo\/\"},{\"@type\":\"ListItem\",\"position\":2,\"name\":\"O papel da Medita\u00e7\u00e3o Mindfulness na gest\u00e3o do estresse durante o per\u00edodo de volta \u00e0s aulas\"}]},{\"@type\":\"WebSite\",\"@id\":\"https:\/\/mindkids.net\/novo\/#website\",\"url\":\"https:\/\/mindkids.net\/novo\/\",\"name\":\"MindKids\",\"description\":\"\",\"potentialAction\":[{\"@type\":\"SearchAction\",\"target\":{\"@type\":\"EntryPoint\",\"urlTemplate\":\"https:\/\/mindkids.net\/novo\/?s={search_term_string}\"},\"query-input\":{\"@type\":\"PropertyValueSpecification\",\"valueRequired\":true,\"valueName\":\"search_term_string\"}}],\"inLanguage\":\"pt-BR\"},{\"@type\":\"Person\",\"@id\":\"https:\/\/mindkids.net\/novo\/#\/schema\/person\/cf44b16dc0eeb222029408bebfec5b8c\",\"name\":\"Daniela Degani\",\"image\":{\"@type\":\"ImageObject\",\"inLanguage\":\"pt-BR\",\"@id\":\"https:\/\/mindkids.net\/novo\/#\/schema\/person\/image\/\",\"url\":\"https:\/\/secure.gravatar.com\/avatar\/2435aeee7efc4e36da9ca10e44fa1b49?s=96&d=mm&r=g\",\"contentUrl\":\"https:\/\/secure.gravatar.com\/avatar\/2435aeee7efc4e36da9ca10e44fa1b49?s=96&d=mm&r=g\",\"caption\":\"Daniela Degani\"},\"url\":\"https:\/\/mindkids.net\/novo\/author\/danidegani\/\"}]}<\/script>\n<!-- \/ Yoast SEO plugin. -->","yoast_head_json":{"title":"O papel da Medita\u00e7\u00e3o Mindfulness na gest\u00e3o do estresse durante o per\u00edodo de volta \u00e0s aulas - MindKids","robots":{"index":"index","follow":"follow","max-snippet":"max-snippet:-1","max-image-preview":"max-image-preview:large","max-video-preview":"max-video-preview:-1"},"canonical":"https:\/\/mindkids.net\/novo\/o-papel-da-meditacao-mindfulness-na-gestao-do-estresse-durante-o-periodo-de-volta-as-aulas\/","og_locale":"pt_BR","og_type":"article","og_title":"O papel da Medita\u00e7\u00e3o Mindfulness na gest\u00e3o do estresse durante o per\u00edodo de volta \u00e0s aulas - MindKids","og_description":"O per\u00edodo de volta \u00e0s aulas pode ser um momento de grande estresse para estudantes e educadores. As novas rotinas, expectativas e responsabilidades podem gerar ansiedade, falta de foco e desequil\u00edbrio emocional.\u00a0 A boa not\u00edcia, por\u00e9m, \u00e9 que existem ferramentas que ajudam a lidar com esses desafios, como \u00e9 o caso das pr\u00e1ticas de Medita\u00e7\u00e3o [&hellip;]","og_url":"https:\/\/mindkids.net\/novo\/o-papel-da-meditacao-mindfulness-na-gestao-do-estresse-durante-o-periodo-de-volta-as-aulas\/","og_site_name":"MindKids","article_published_time":"2024-02-28T17:41:37+00:00","article_modified_time":"2024-07-19T15:41:50+00:00","og_image":[{"width":2000,"height":1335,"url":"https:\/\/mindkids.net\/novo\/wp-content\/uploads\/2024\/02\/O-papel-da-Meditacao-Mindfulness-na-gestao-do-estresse-durante-o-periodo-de-volta-as-aulas.jpeg","type":"image\/jpeg"}],"author":"Daniela Degani","twitter_card":"summary_large_image","twitter_misc":{"Escrito por":"Daniela Degani","Est. tempo de leitura":"5 minutos"},"schema":{"@context":"https:\/\/schema.org","@graph":[{"@type":"WebPage","@id":"https:\/\/mindkids.net\/novo\/o-papel-da-meditacao-mindfulness-na-gestao-do-estresse-durante-o-periodo-de-volta-as-aulas\/","url":"https:\/\/mindkids.net\/novo\/o-papel-da-meditacao-mindfulness-na-gestao-do-estresse-durante-o-periodo-de-volta-as-aulas\/","name":"O papel da Medita\u00e7\u00e3o Mindfulness na gest\u00e3o do estresse durante o per\u00edodo de volta \u00e0s aulas - MindKids","isPartOf":{"@id":"https:\/\/mindkids.net\/novo\/#website"},"primaryImageOfPage":{"@id":"https:\/\/mindkids.net\/novo\/o-papel-da-meditacao-mindfulness-na-gestao-do-estresse-durante-o-periodo-de-volta-as-aulas\/#primaryimage"},"image":{"@id":"https:\/\/mindkids.net\/novo\/o-papel-da-meditacao-mindfulness-na-gestao-do-estresse-durante-o-periodo-de-volta-as-aulas\/#primaryimage"},"thumbnailUrl":"https:\/\/mindkids.net\/novo\/wp-content\/uploads\/2024\/02\/O-papel-da-Meditacao-Mindfulness-na-gestao-do-estresse-durante-o-periodo-de-volta-as-aulas.jpeg","datePublished":"2024-02-28T17:41:37+00:00","dateModified":"2024-07-19T15:41:50+00:00","author":{"@id":"https:\/\/mindkids.net\/novo\/#\/schema\/person\/cf44b16dc0eeb222029408bebfec5b8c"},"breadcrumb":{"@id":"https:\/\/mindkids.net\/novo\/o-papel-da-meditacao-mindfulness-na-gestao-do-estresse-durante-o-periodo-de-volta-as-aulas\/#breadcrumb"},"inLanguage":"pt-BR","potentialAction":[{"@type":"ReadAction","target":["https:\/\/mindkids.net\/novo\/o-papel-da-meditacao-mindfulness-na-gestao-do-estresse-durante-o-periodo-de-volta-as-aulas\/"]}]},{"@type":"ImageObject","inLanguage":"pt-BR","@id":"https:\/\/mindkids.net\/novo\/o-papel-da-meditacao-mindfulness-na-gestao-do-estresse-durante-o-periodo-de-volta-as-aulas\/#primaryimage","url":"https:\/\/mindkids.net\/novo\/wp-content\/uploads\/2024\/02\/O-papel-da-Meditacao-Mindfulness-na-gestao-do-estresse-durante-o-periodo-de-volta-as-aulas.jpeg","contentUrl":"https:\/\/mindkids.net\/novo\/wp-content\/uploads\/2024\/02\/O-papel-da-Meditacao-Mindfulness-na-gestao-do-estresse-durante-o-periodo-de-volta-as-aulas.jpeg","width":2000,"height":1335,"caption":"cute funny pupils running through school corridor"},{"@type":"BreadcrumbList","@id":"https:\/\/mindkids.net\/novo\/o-papel-da-meditacao-mindfulness-na-gestao-do-estresse-durante-o-periodo-de-volta-as-aulas\/#breadcrumb","itemListElement":[{"@type":"ListItem","position":1,"name":"In\u00edcio","item":"https:\/\/mindkids.net\/novo\/"},{"@type":"ListItem","position":2,"name":"O papel da Medita\u00e7\u00e3o Mindfulness na gest\u00e3o do estresse durante o per\u00edodo de volta \u00e0s aulas"}]},{"@type":"WebSite","@id":"https:\/\/mindkids.net\/novo\/#website","url":"https:\/\/mindkids.net\/novo\/","name":"MindKids","description":"","potentialAction":[{"@type":"SearchAction","target":{"@type":"EntryPoint","urlTemplate":"https:\/\/mindkids.net\/novo\/?s={search_term_string}"},"query-input":{"@type":"PropertyValueSpecification","valueRequired":true,"valueName":"search_term_string"}}],"inLanguage":"pt-BR"},{"@type":"Person","@id":"https:\/\/mindkids.net\/novo\/#\/schema\/person\/cf44b16dc0eeb222029408bebfec5b8c","name":"Daniela Degani","image":{"@type":"ImageObject","inLanguage":"pt-BR","@id":"https:\/\/mindkids.net\/novo\/#\/schema\/person\/image\/","url":"https:\/\/secure.gravatar.com\/avatar\/2435aeee7efc4e36da9ca10e44fa1b49?s=96&d=mm&r=g","contentUrl":"https:\/\/secure.gravatar.com\/avatar\/2435aeee7efc4e36da9ca10e44fa1b49?s=96&d=mm&r=g","caption":"Daniela Degani"},"url":"https:\/\/mindkids.net\/novo\/author\/danidegani\/"}]}},"_links":{"self":[{"href":"https:\/\/mindkids.net\/novo\/wp-json\/wp\/v2\/posts\/12500"}],"collection":[{"href":"https:\/\/mindkids.net\/novo\/wp-json\/wp\/v2\/posts"}],"about":[{"href":"https:\/\/mindkids.net\/novo\/wp-json\/wp\/v2\/types\/post"}],"author":[{"embeddable":true,"href":"https:\/\/mindkids.net\/novo\/wp-json\/wp\/v2\/users\/7"}],"replies":[{"embeddable":true,"href":"https:\/\/mindkids.net\/novo\/wp-json\/wp\/v2\/comments?post=12500"}],"version-history":[{"count":1,"href":"https:\/\/mindkids.net\/novo\/wp-json\/wp\/v2\/posts\/12500\/revisions"}],"predecessor-version":[{"id":12502,"href":"https:\/\/mindkids.net\/novo\/wp-json\/wp\/v2\/posts\/12500\/revisions\/12502"}],"wp:featuredmedia":[{"embeddable":true,"href":"https:\/\/mindkids.net\/novo\/wp-json\/wp\/v2\/media\/12501"}],"wp:attachment":[{"href":"https:\/\/mindkids.net\/novo\/wp-json\/wp\/v2\/media?parent=12500"}],"wp:term":[{"taxonomy":"category","embeddable":true,"href":"https:\/\/mindkids.net\/novo\/wp-json\/wp\/v2\/categories?post=12500"},{"taxonomy":"post_tag","embeddable":true,"href":"https:\/\/mindkids.net\/novo\/wp-json\/wp\/v2\/tags?post=12500"}],"curies":[{"name":"wp","href":"https:\/\/api.w.org\/{rel}","templated":true}]}}